{"id":2765,"date":"2019-10-24T23:04:00","date_gmt":"2019-10-24T21:04:00","guid":{"rendered":"https:\/\/blog.serge-and-kris.com\/?p=2765"},"modified":"2024-06-14T12:10:24","modified_gmt":"2024-06-14T10:10:24","slug":"lhumain-energie-intuitive-universelle-pour-un-developpement-durable","status":"publish","type":"post","link":"https:\/\/krissaintange.com\/news\/lhumain-energie-intuitive-universelle-pour-un-developpement-durable\/","title":{"rendered":"L\u2019Humain :\u00c9nergie Intuitive &amp; Universelle pour un d\u00e9veloppement durable."},"content":{"rendered":"\n<p>D\u00e8s le d\u00e9but du 20<sup>\u00e8me<\/sup> si\u00e8cle, le facteur humain ressort comme th\u00e8me de pr\u00e9dilection dans l\u2019\u00e9tude des diff\u00e9rentes techniques de management.<\/p>\n\n\n\n<p>De nos jours, l\u2019ambition humaine coupl\u00e9e \u00e0 celle de l\u2019entreprise, mise grandement sur sa strat\u00e9gie de d\u00e9veloppement et vise \u00e0 assurer sa p\u00e9rennit\u00e9.<\/p>\n\n\n\n<p class=\"has-text-align-center has-medium-font-size\"><strong>Au c\u0153ur de ce d\u00e9fi : l\u2019Humain !<\/strong><\/p>\n\n\n\n<hr class=\"wp-block-separator has-alpha-channel-opacity\" \/>\n\n\n\n<h2 class=\"wp-block-heading has-text-align-center\"><strong>Comment optimiser ce capital humain pour un management \u00e9volutif ?<\/strong><\/h2>\n\n\n\n<hr class=\"wp-block-separator aligncenter has-alpha-channel-opacity\" \/>\n\n\n\n<p>Dans le contexte actuel, les diff\u00e9rents acteurs \u00e9tatiques et les institutions priv\u00e9es se retrouvent face \u00e0 une comp\u00e9titivit\u00e9 internationale d\u00e9cupl\u00e9e. Cette complexit\u00e9 s\u2019explique ais\u00e9ment de par les brutaux changements \u00e9conomiques, techniques et structurels. A eux seuls, ils refl\u00e8tent cette instabilit\u00e9 permanente \u00e0 laquelle chacun doit faire face, s\u2019adapter et anticiper dans un but de stabilit\u00e9 afin de s\u00e9curiser son territoire, son entreprise et pr\u00e9server les emplois de ses salari\u00e9s.<\/p>\n\n\n\n<p>La relation humaine, au c\u0153ur de multiples d\u00e9bats, loin d\u2019\u00eatre rel\u00e9gu\u00e9e au second plan, doit \u00e9voluer, s\u2019ancrer au sein de nos strat\u00e9gies et politiques d\u2019entreprises. Elle repr\u00e9sente l\u2019\u00e9nergie universelle qui permet \u00e0 ce monde en pleine mutation de progresser de mani\u00e8re significative.<\/p>\n\n\n\n<hr class=\"wp-block-separator aligncenter has-alpha-channel-opacity\" \/>\n\n\n\n<h2 class=\"wp-block-heading has-text-align-center\"><strong>Ainsi, certains facteurs, dans l\u2019optique d\u2019un changement, se dessinent :<\/strong><\/h2>\n\n\n\n<h3 class=\"wp-block-heading\"><strong><em>Imposer au management de demain une logique intuitive pour un d\u00e9veloppement durable.<\/em><\/strong><\/h3>\n\n\n\n<p>S\u2019imposer comme l\u2019architecte des th\u00e9ories de demain, en stimulant chez chacun une logique inventive de nouveaux processus de coop\u00e9ration entre les diff\u00e9rents acteurs, en soutenant l\u2019innovation et la cr\u00e9ation sous toutes ses formes.<\/p>\n\n\n\n<p>Afin d&rsquo;accro\u00eetre leur potentiel, certaines organisations veilleront \u00e0 se restructurer en unit\u00e9s plus petites et flexibles sur le long terme. Ces capacit\u00e9s \u00e0 utiliser l\u2019\u00e9nergie pour faire du bien et \u00e0 communiquer avec les multiples \u00e9nergies qui nous entourent sont accessibles \u00e0 tous.<\/p>\n\n\n\n<p>Sous-estimer ses propres valeurs ou minimiser sa participation devrait \u00eatre banni de certaines logiques. Aider, d\u2019une certaine fa\u00e7on, c\u2019est regarder l\u2019autre grandir, diffuser le bien-\u00eatre autour de soi quotidiennement pour servir le changement mondial et non le subir.<\/p>\n\n\n\n<h3 class=\"wp-block-heading\"><strong><em>Optimiser l\u2019\u00e9nergie humaine personnelle au profit du collectif.<\/em><\/strong><\/h3>\n\n\n\n<p>Manager dans le futur implique d\u2019encourager la diversit\u00e9 des approches, relativiser les d\u00e9saccords, \u00e9vitant les p\u00e9riodes de repli, dans l\u2019objectif premier d\u2019une collaboration performante, plus recentr\u00e9e sur l\u2019essentiel de d\u00e9cisions coh\u00e9rentes communes.<\/p>\n\n\n\n<p>Dans cette optique de renouvellement constant, chaque acteur met un point d\u2019honneur \u00e0 clarifier ses choix, retisser des liens \u00e0 tous les niveaux.<\/p>\n\n\n\n<p>En revalorisant son propre capital humain, l\u2019individu d\u00e9veloppe une \u00e9nergie fulgurante permettant d\u2019enrichir la culture de l\u2019entit\u00e9 m\u00eame, \u00e9galement une intelligence intuitive simultan\u00e9e.<\/p>\n\n\n\n<h3 class=\"wp-block-heading\"><strong><em>S\u2019informer pour orienter les op\u00e9rations \u00e0 mener.<\/em><\/strong><\/h3>\n\n\n\n<p>Dans cette conduite au changement, il apparait n\u00e9cessaire d\u2019ordonner ses pens\u00e9es, de d\u00e9velopper ses comp\u00e9tences, d\u2019acc\u00e9l\u00e9rer des prises de d\u00e9cision pour rectifier rapidement notre position, diriger nos actions vers les buts fix\u00e9s. Ainsi, de simples lectures, en passant par la formation, le ph\u00e9nom\u00e8ne de r\u00e9sonance se produit, impactant directement la relation \u00e0 autrui.<\/p>\n\n\n\n<h3 class=\"wp-block-heading\"><strong><em>Revoir et reconstruire l\u2019organisation des territoires comme des institutions priv\u00e9es et publiques.<\/em><\/strong><\/h3>\n\n\n\n<p>Marqu\u00e9e clairement comme l\u2019un des grands enjeux futurs en mani\u00e8re de politique interne et externe, il ne suffira plus de rester masqu\u00e9 derri\u00e8re un titre ou un statut confortable.<\/p>\n\n\n\n<p>Sortir de sa zone de confort, en \u00e9tablissant une communication active et adapt\u00e9e, permettra de fuir les obstacles pr\u00e9sents et futurs. Cette technique de proximit\u00e9, outre la facilit\u00e9 d\u2019une mise en place rapide, augmente de fa\u00e7on significative, presque dans l\u2019imm\u00e9diatet\u00e9, la cr\u00e9ativit\u00e9 et la vitalit\u00e9 n\u00e9cessaires \u00e0 l\u2019essor de ses propres ressources.<\/p>\n\n\n\n<p>Prioriser la communication relationnelle rev\u00eat un caract\u00e8re essentiel pour construire ensemble l\u2019avenir de nos organisations.<\/p>\n\n\n\n<h3 class=\"wp-block-heading\"><strong><em>Co\u00e9voluer et se responsabiliser.<\/em><\/strong><\/h3>\n\n\n\n<p>Chaque intervenant doit prendre conscience qu\u2019il cr\u00e9e sa propre r\u00e9alit\u00e9, qu\u2019il s\u2019impose de reprendre le pouvoir en se lib\u00e9rant des sch\u00e9mas auxquels il r\u00e9siste encore.<\/p>\n\n\n\n<p>Tensions ou peurs m\u00eame inconscientes n\u2019entra\u00eenent qu\u2019\u00e9preuves suppl\u00e9mentaires et ne font que ressortir nos propres limites, celles que nous croisons commun\u00e9ment, nous emp\u00eachant d\u2019accueillir les \u00e9v\u00e9nements avec plus d\u2019empathie.<\/p>\n\n\n\n<h3 class=\"wp-block-heading\"><strong><em>Mesurer l\u2019impact de son repositionnement.<\/em><\/strong><\/h3>\n\n\n\n<p>C\u2019est d\u2019abord avoir appris \u00e0 \u00e9couter, entendre et tirer profit des repr\u00e9sentations inh\u00e9rentes \u00e0 chacun pour \u00e9tablir un diagnostic fiable et int\u00e9grer les donn\u00e9es relatives aux divers environnements, en vue d\u2019une implication positive, sans pression.<\/p>\n\n\n\n<p>Puis, c\u2019est marquer de son empreinte le potentiel humain que l\u2019on aborde, le nourrir de notre culture, de la richesse de nos approches et expertise.<\/p>\n\n\n\n<hr class=\"wp-block-separator aligncenter has-alpha-channel-opacity\" \/>\n\n\n\n<blockquote class=\"wp-block-quote has-medium-font-size is-layout-flow wp-block-quote-is-layout-flow\">\n<p class=\"has-medium-font-size\"><em>\u00ab Les nations, de m\u00eame que les individus, ne doivent leur \u00e9nergie qu&rsquo;\u00e0 de grands sentiments.\u00bb<\/em><\/p>\n<cite><em>Balzac<\/em><\/cite><\/blockquote>\n\n\n\n<hr class=\"wp-block-separator has-alpha-channel-opacity\" \/>\n\n\n\n<p>Parce que seuls, nous ne pouvons rien ou si peu ! L\u2019humilit\u00e9, loin de revenir comme leitmotiv d\u2019une soci\u00e9t\u00e9 \u00ab \u00e9parpill\u00e9e \u00bb pour trop souvent choisir l\u2019\u00e9go\u00efsme au d\u00e9triment de l\u2019ouverture, seul vecteur porteur d\u2019une r\u00e9ussite conjointe.<\/p>\n\n\n\n<p><strong>Cultiver<\/strong><strong> l\u2019humain, c\u2019est assurer son propre capital, moteur de stabilit\u00e9 dans une soci\u00e9t\u00e9 en pleine mutation.<\/strong><\/p>\n\n\n\n<p><strong>Transformons cette \u00e9nergie consommatrice et attentiste en une \u00e9nergie productive et \u00e9mergente des talents de demain !<\/strong><\/p>\n\n\n\n<hr class=\"wp-block-separator has-alpha-channel-opacity\" \/>\n","protected":false},"excerpt":{"rendered":"<p>D\u00e8s le d\u00e9but du 20\u00e8me si\u00e8cle, le facteur humain ressort comme th\u00e8me de pr\u00e9dilection dans l\u2019\u00e9tude des diff\u00e9rentes techniques de management. De nos jours, l\u2019ambition humaine coupl\u00e9e \u00e0 celle de l\u2019entreprise, mise grandement sur sa strat\u00e9gie de d\u00e9veloppement et vise \u00e0 assurer sa p\u00e9rennit\u00e9. Au c\u0153ur de ce d\u00e9fi : l\u2019Humain ! Comment optimiser ce [&hellip;]<\/p>\n","protected":false},"author":2,"featured_media":2823,"comment_status":"open","ping_status":"open","sticky":false,"template":"","format":"standard","meta":{"footnotes":""},"categories":[4],"tags":[],"class_list":["post-2765","post","type-post","status-publish","format-standard","has-post-thumbnail","hentry","category-vie-des-affaires"],"yoast_head":"<!-- This site is optimized with the Yoast SEO plugin v27.5 - https:\/\/yoast.com\/product\/yoast-seo-wordpress\/ -->\n<title>L\u2019Humain :\u00c9nergie Intuitive &amp; Universelle pour un d\u00e9veloppement durable. - Kris Saint Ange news<\/title>\n<meta name=\"description\" content=\"Repenser l&#039;humain pour un d\u00e9veloppement durable, en valorisant l&#039;\u00e9nergie intuitive pour des strat\u00e9gies innovantes et responsables.\" \/>\n<meta name=\"robots\" content=\"index, follow, max-snippet:-1, max-image-preview:large, max-video-preview:-1\" \/>\n<link rel=\"canonical\" href=\"https:\/\/krissaintange.com\/news\/lhumain-energie-intuitive-universelle-pour-un-developpement-durable\/\" \/>\n<meta property=\"og:locale\" content=\"fr_FR\" \/>\n<meta property=\"og:type\" content=\"article\" \/>\n<meta property=\"og:title\" content=\"L\u2019Humain :\u00c9nergie Intuitive &amp; Universelle pour un d\u00e9veloppement durable. - Kris Saint Ange news\" \/>\n<meta property=\"og:description\" content=\"Repenser l&#039;humain pour un d\u00e9veloppement durable, en valorisant l&#039;\u00e9nergie intuitive pour des strat\u00e9gies innovantes et responsables.\" \/>\n<meta property=\"og:url\" content=\"https:\/\/krissaintange.com\/news\/lhumain-energie-intuitive-universelle-pour-un-developpement-durable\/\" \/>\n<meta property=\"og:site_name\" content=\"Kris Saint Ange news\" \/>\n<meta property=\"article:publisher\" content=\"https:\/\/www.facebook.com\/krissaintange\/\" \/>\n<meta property=\"article:author\" content=\"https:\/\/www.facebook.com\/krissaintange\/\" \/>\n<meta property=\"article:published_time\" content=\"2019-10-24T21:04:00+00:00\" \/>\n<meta property=\"article:modified_time\" content=\"2024-06-14T10:10:24+00:00\" \/>\n<meta property=\"og:image\" content=\"https:\/\/krissaintange.com\/news\/wp-content\/uploads\/sites\/4\/2024\/04\/ENERGIE.jpg\" \/>\n\t<meta property=\"og:image:width\" content=\"700\" \/>\n\t<meta property=\"og:image:height\" content=\"525\" \/>\n\t<meta property=\"og:image:type\" content=\"image\/jpeg\" \/>\n<meta name=\"author\" content=\"KRIS SAINT ANGE\" \/>\n<meta name=\"twitter:card\" content=\"summary_large_image\" \/>\n<meta name=\"twitter:creator\" content=\"@KrisSaintAnge\" \/>\n<meta name=\"twitter:site\" content=\"@KrisSaintAnge\" \/>\n<meta name=\"twitter:label1\" content=\"\u00c9crit par\" \/>\n\t<meta name=\"twitter:data1\" content=\"KRIS SAINT ANGE\" \/>\n\t<meta name=\"twitter:label2\" content=\"Dur\u00e9e de lecture estim\u00e9e\" \/>\n\t<meta name=\"twitter:data2\" content=\"5 minutes\" \/>\n<script type=\"application\/ld+json\" class=\"yoast-schema-graph\">{\"@context\":\"https:\\\/\\\/schema.org\",\"@graph\":[{\"@type\":\"Article\",\"@id\":\"https:\\\/\\\/krissaintange.com\\\/news\\\/lhumain-energie-intuitive-universelle-pour-un-developpement-durable\\\/#article\",\"isPartOf\":{\"@id\":\"https:\\\/\\\/krissaintange.com\\\/news\\\/lhumain-energie-intuitive-universelle-pour-un-developpement-durable\\\/\"},\"author\":{\"name\":\"KRIS SAINT ANGE\",\"@id\":\"https:\\\/\\\/krissaintange.com\\\/news\\\/#\\\/schema\\\/person\\\/954f2d46b073ab6ee642d82051890b5e\"},\"headline\":\"L\u2019Humain :\u00c9nergie Intuitive &amp; Universelle pour un d\u00e9veloppement durable.\",\"datePublished\":\"2019-10-24T21:04:00+00:00\",\"dateModified\":\"2024-06-14T10:10:24+00:00\",\"mainEntityOfPage\":{\"@id\":\"https:\\\/\\\/krissaintange.com\\\/news\\\/lhumain-energie-intuitive-universelle-pour-un-developpement-durable\\\/\"},\"wordCount\":911,\"commentCount\":0,\"publisher\":{\"@id\":\"https:\\\/\\\/krissaintange.com\\\/news\\\/#organization\"},\"image\":{\"@id\":\"https:\\\/\\\/krissaintange.com\\\/news\\\/lhumain-energie-intuitive-universelle-pour-un-developpement-durable\\\/#primaryimage\"},\"thumbnailUrl\":\"https:\\\/\\\/krissaintange.com\\\/news\\\/wp-content\\\/uploads\\\/sites\\\/4\\\/2024\\\/04\\\/ENERGIE.jpg\",\"articleSection\":[\"Vie des Affaires\"],\"inLanguage\":\"fr-FR\",\"potentialAction\":[{\"@type\":\"CommentAction\",\"name\":\"Comment\",\"target\":[\"https:\\\/\\\/krissaintange.com\\\/news\\\/lhumain-energie-intuitive-universelle-pour-un-developpement-durable\\\/#respond\"]}]},{\"@type\":\"WebPage\",\"@id\":\"https:\\\/\\\/krissaintange.com\\\/news\\\/lhumain-energie-intuitive-universelle-pour-un-developpement-durable\\\/\",\"url\":\"https:\\\/\\\/krissaintange.com\\\/news\\\/lhumain-energie-intuitive-universelle-pour-un-developpement-durable\\\/\",\"name\":\"L\u2019Humain :\u00c9nergie Intuitive &amp; Universelle pour un d\u00e9veloppement durable. - Kris Saint Ange news\",\"isPartOf\":{\"@id\":\"https:\\\/\\\/krissaintange.com\\\/news\\\/#website\"},\"primaryImageOfPage\":{\"@id\":\"https:\\\/\\\/krissaintange.com\\\/news\\\/lhumain-energie-intuitive-universelle-pour-un-developpement-durable\\\/#primaryimage\"},\"image\":{\"@id\":\"https:\\\/\\\/krissaintange.com\\\/news\\\/lhumain-energie-intuitive-universelle-pour-un-developpement-durable\\\/#primaryimage\"},\"thumbnailUrl\":\"https:\\\/\\\/krissaintange.com\\\/news\\\/wp-content\\\/uploads\\\/sites\\\/4\\\/2024\\\/04\\\/ENERGIE.jpg\",\"datePublished\":\"2019-10-24T21:04:00+00:00\",\"dateModified\":\"2024-06-14T10:10:24+00:00\",\"description\":\"Repenser l'humain pour un d\u00e9veloppement durable, en valorisant l'\u00e9nergie intuitive pour des strat\u00e9gies innovantes et responsables.\",\"breadcrumb\":{\"@id\":\"https:\\\/\\\/krissaintange.com\\\/news\\\/lhumain-energie-intuitive-universelle-pour-un-developpement-durable\\\/#breadcrumb\"},\"inLanguage\":\"fr-FR\",\"potentialAction\":[{\"@type\":\"ReadAction\",\"target\":[\"https:\\\/\\\/krissaintange.com\\\/news\\\/lhumain-energie-intuitive-universelle-pour-un-developpement-durable\\\/\"]}]},{\"@type\":\"ImageObject\",\"inLanguage\":\"fr-FR\",\"@id\":\"https:\\\/\\\/krissaintange.com\\\/news\\\/lhumain-energie-intuitive-universelle-pour-un-developpement-durable\\\/#primaryimage\",\"url\":\"https:\\\/\\\/krissaintange.com\\\/news\\\/wp-content\\\/uploads\\\/sites\\\/4\\\/2024\\\/04\\\/ENERGIE.jpg\",\"contentUrl\":\"https:\\\/\\\/krissaintange.com\\\/news\\\/wp-content\\\/uploads\\\/sites\\\/4\\\/2024\\\/04\\\/ENERGIE.jpg\",\"width\":700,\"height\":525,\"caption\":\"Cette image repr\u00e9sente une personne envelopp\u00e9e de fum\u00e9e bleue, avec une lumi\u00e8re intense \u00e9manant de sa t\u00eate, symbolisant le potentiel humain et l'\u00e9nergie intuitive abord\u00e9es dans l'article sur le d\u00e9veloppement durable. Ce visuel illustre la puissance de l'\u00e9nergie humaine pour transformer et guider des strat\u00e9gies de d\u00e9veloppement durable, mettant en lumi\u00e8re la capacit\u00e9 humaine \u00e0 transcender les d\u00e9fis par l'innovation et la cr\u00e9ativit\u00e9.\"},{\"@type\":\"BreadcrumbList\",\"@id\":\"https:\\\/\\\/krissaintange.com\\\/news\\\/lhumain-energie-intuitive-universelle-pour-un-developpement-durable\\\/#breadcrumb\",\"itemListElement\":[{\"@type\":\"ListItem\",\"position\":1,\"name\":\"Accueil\",\"item\":\"https:\\\/\\\/krissaintange.com\\\/news\\\/\"},{\"@type\":\"ListItem\",\"position\":2,\"name\":\"L\u2019Humain :\u00c9nergie Intuitive &amp; Universelle pour un d\u00e9veloppement durable.\"}]},{\"@type\":\"WebSite\",\"@id\":\"https:\\\/\\\/krissaintange.com\\\/news\\\/#website\",\"url\":\"https:\\\/\\\/krissaintange.com\\\/news\\\/\",\"name\":\"Kris Saint Ange news\",\"description\":\"Pens\u00e9es Pr\u00e9cieuses pour un Avenir Lumineux.\",\"publisher\":{\"@id\":\"https:\\\/\\\/krissaintange.com\\\/news\\\/#organization\"},\"potentialAction\":[{\"@type\":\"SearchAction\",\"target\":{\"@type\":\"EntryPoint\",\"urlTemplate\":\"https:\\\/\\\/krissaintange.com\\\/news\\\/?s={search_term_string}\"},\"query-input\":{\"@type\":\"PropertyValueSpecification\",\"valueRequired\":true,\"valueName\":\"search_term_string\"}}],\"inLanguage\":\"fr-FR\"},{\"@type\":\"Organization\",\"@id\":\"https:\\\/\\\/krissaintange.com\\\/news\\\/#organization\",\"name\":\"Kris Saint Ange news\",\"url\":\"https:\\\/\\\/krissaintange.com\\\/news\\\/\",\"logo\":{\"@type\":\"ImageObject\",\"inLanguage\":\"fr-FR\",\"@id\":\"https:\\\/\\\/krissaintange.com\\\/news\\\/#\\\/schema\\\/logo\\\/image\\\/\",\"url\":\"https:\\\/\\\/krissaintange.com\\\/news\\\/wp-content\\\/uploads\\\/sites\\\/4\\\/2024\\\/04\\\/logo-blanc-fond-noir-NEWS.png\",\"contentUrl\":\"https:\\\/\\\/krissaintange.com\\\/news\\\/wp-content\\\/uploads\\\/sites\\\/4\\\/2024\\\/04\\\/logo-blanc-fond-noir-NEWS.png\",\"width\":500,\"height\":500,\"caption\":\"Kris Saint Ange news\"},\"image\":{\"@id\":\"https:\\\/\\\/krissaintange.com\\\/news\\\/#\\\/schema\\\/logo\\\/image\\\/\"},\"sameAs\":[\"https:\\\/\\\/www.facebook.com\\\/krissaintange\\\/\",\"https:\\\/\\\/x.com\\\/KrisSaintAnge\",\"https:\\\/\\\/www.instagram.com\\\/krissaintange\\\/\",\"https:\\\/\\\/www.linkedin.com\\\/in\\\/krissaintange\\\/\"]},{\"@type\":\"Person\",\"@id\":\"https:\\\/\\\/krissaintange.com\\\/news\\\/#\\\/schema\\\/person\\\/954f2d46b073ab6ee642d82051890b5e\",\"name\":\"KRIS SAINT ANGE\",\"pronouns\":\"elle\",\"image\":{\"@type\":\"ImageObject\",\"inLanguage\":\"fr-FR\",\"@id\":\"https:\\\/\\\/krissaintange.com\\\/news\\\/wp-content\\\/litespeed\\\/avatar\\\/4\\\/fbaf888568e0f9acb2bd88c54aefd249.jpg?ver=1777492088\",\"url\":\"https:\\\/\\\/krissaintange.com\\\/news\\\/wp-content\\\/litespeed\\\/avatar\\\/4\\\/fbaf888568e0f9acb2bd88c54aefd249.jpg?ver=1777492088\",\"contentUrl\":\"https:\\\/\\\/krissaintange.com\\\/news\\\/wp-content\\\/litespeed\\\/avatar\\\/4\\\/fbaf888568e0f9acb2bd88c54aefd249.jpg?ver=1777492088\",\"caption\":\"KRIS SAINT ANGE\"},\"description\":\"M\u00e9dium de naissance, Kris Saint Ange puise sa m\u00e9thodologie dans une dualit\u00e9 assum\u00e9e : la pens\u00e9e rationnelle et les outils du leadership contemporain, alli\u00e9s \u00e0 la capacit\u00e9 de lire les flux invisibles qui traversent les individus et les syst\u00e8mes. Depuis plus de 15 ans, elle accompagne dirigeants, diplomates, institutions et particuliers pour d\u00e9crypter les tensions, anticiper les crises et faire na\u00eetre des d\u00e9cisions align\u00e9es, tactiques et profond\u00e9ment humaines.\",\"sameAs\":[\"https:\\\/\\\/krissaintange.com\",\"https:\\\/\\\/www.facebook.com\\\/krissaintange\\\/\",\"https:\\\/\\\/www.instagram.com\\\/krissaintange\\\/\",\"https:\\\/\\\/www.linkedin.com\\\/in\\\/krissaintange\\\/\",\"https:\\\/\\\/fr.pinterest.com\\\/krissaintange\\\/\",\"https:\\\/\\\/x.com\\\/KrisSaintAnge\",\"https:\\\/\\\/www.youtube.com\\\/@KrisSaintAnge\"],\"url\":\"https:\\\/\\\/krissaintange.com\\\/news\\\/author\\\/krissaintange\\\/\"}]}<\/script>\n<!-- \/ Yoast SEO plugin. -->","yoast_head_json":{"title":"L\u2019Humain :\u00c9nergie Intuitive &amp; Universelle pour un d\u00e9veloppement durable. - Kris Saint Ange news","description":"Repenser l'humain pour un d\u00e9veloppement durable, en valorisant l'\u00e9nergie intuitive pour des strat\u00e9gies innovantes et responsables.","robots":{"index":"index","follow":"follow","max-snippet":"max-snippet:-1","max-image-preview":"max-image-preview:large","max-video-preview":"max-video-preview:-1"},"canonical":"https:\/\/krissaintange.com\/news\/lhumain-energie-intuitive-universelle-pour-un-developpement-durable\/","og_locale":"fr_FR","og_type":"article","og_title":"L\u2019Humain :\u00c9nergie Intuitive &amp; Universelle pour un d\u00e9veloppement durable. - Kris Saint Ange news","og_description":"Repenser l'humain pour un d\u00e9veloppement durable, en valorisant l'\u00e9nergie intuitive pour des strat\u00e9gies innovantes et responsables.","og_url":"https:\/\/krissaintange.com\/news\/lhumain-energie-intuitive-universelle-pour-un-developpement-durable\/","og_site_name":"Kris Saint Ange news","article_publisher":"https:\/\/www.facebook.com\/krissaintange\/","article_author":"https:\/\/www.facebook.com\/krissaintange\/","article_published_time":"2019-10-24T21:04:00+00:00","article_modified_time":"2024-06-14T10:10:24+00:00","og_image":[{"width":700,"height":525,"url":"https:\/\/krissaintange.com\/news\/wp-content\/uploads\/sites\/4\/2024\/04\/ENERGIE.jpg","type":"image\/jpeg"}],"author":"KRIS SAINT ANGE","twitter_card":"summary_large_image","twitter_creator":"@KrisSaintAnge","twitter_site":"@KrisSaintAnge","twitter_misc":{"\u00c9crit par":"KRIS SAINT ANGE","Dur\u00e9e de lecture estim\u00e9e":"5 minutes"},"schema":{"@context":"https:\/\/schema.org","@graph":[{"@type":"Article","@id":"https:\/\/krissaintange.com\/news\/lhumain-energie-intuitive-universelle-pour-un-developpement-durable\/#article","isPartOf":{"@id":"https:\/\/krissaintange.com\/news\/lhumain-energie-intuitive-universelle-pour-un-developpement-durable\/"},"author":{"name":"KRIS SAINT ANGE","@id":"https:\/\/krissaintange.com\/news\/#\/schema\/person\/954f2d46b073ab6ee642d82051890b5e"},"headline":"L\u2019Humain :\u00c9nergie Intuitive &amp; Universelle pour un d\u00e9veloppement durable.","datePublished":"2019-10-24T21:04:00+00:00","dateModified":"2024-06-14T10:10:24+00:00","mainEntityOfPage":{"@id":"https:\/\/krissaintange.com\/news\/lhumain-energie-intuitive-universelle-pour-un-developpement-durable\/"},"wordCount":911,"commentCount":0,"publisher":{"@id":"https:\/\/krissaintange.com\/news\/#organization"},"image":{"@id":"https:\/\/krissaintange.com\/news\/lhumain-energie-intuitive-universelle-pour-un-developpement-durable\/#primaryimage"},"thumbnailUrl":"https:\/\/krissaintange.com\/news\/wp-content\/uploads\/sites\/4\/2024\/04\/ENERGIE.jpg","articleSection":["Vie des Affaires"],"inLanguage":"fr-FR","potentialAction":[{"@type":"CommentAction","name":"Comment","target":["https:\/\/krissaintange.com\/news\/lhumain-energie-intuitive-universelle-pour-un-developpement-durable\/#respond"]}]},{"@type":"WebPage","@id":"https:\/\/krissaintange.com\/news\/lhumain-energie-intuitive-universelle-pour-un-developpement-durable\/","url":"https:\/\/krissaintange.com\/news\/lhumain-energie-intuitive-universelle-pour-un-developpement-durable\/","name":"L\u2019Humain :\u00c9nergie Intuitive &amp; Universelle pour un d\u00e9veloppement durable. - Kris Saint Ange news","isPartOf":{"@id":"https:\/\/krissaintange.com\/news\/#website"},"primaryImageOfPage":{"@id":"https:\/\/krissaintange.com\/news\/lhumain-energie-intuitive-universelle-pour-un-developpement-durable\/#primaryimage"},"image":{"@id":"https:\/\/krissaintange.com\/news\/lhumain-energie-intuitive-universelle-pour-un-developpement-durable\/#primaryimage"},"thumbnailUrl":"https:\/\/krissaintange.com\/news\/wp-content\/uploads\/sites\/4\/2024\/04\/ENERGIE.jpg","datePublished":"2019-10-24T21:04:00+00:00","dateModified":"2024-06-14T10:10:24+00:00","description":"Repenser l'humain pour un d\u00e9veloppement durable, en valorisant l'\u00e9nergie intuitive pour des strat\u00e9gies innovantes et responsables.","breadcrumb":{"@id":"https:\/\/krissaintange.com\/news\/lhumain-energie-intuitive-universelle-pour-un-developpement-durable\/#breadcrumb"},"inLanguage":"fr-FR","potentialAction":[{"@type":"ReadAction","target":["https:\/\/krissaintange.com\/news\/lhumain-energie-intuitive-universelle-pour-un-developpement-durable\/"]}]},{"@type":"ImageObject","inLanguage":"fr-FR","@id":"https:\/\/krissaintange.com\/news\/lhumain-energie-intuitive-universelle-pour-un-developpement-durable\/#primaryimage","url":"https:\/\/krissaintange.com\/news\/wp-content\/uploads\/sites\/4\/2024\/04\/ENERGIE.jpg","contentUrl":"https:\/\/krissaintange.com\/news\/wp-content\/uploads\/sites\/4\/2024\/04\/ENERGIE.jpg","width":700,"height":525,"caption":"Cette image repr\u00e9sente une personne envelopp\u00e9e de fum\u00e9e bleue, avec une lumi\u00e8re intense \u00e9manant de sa t\u00eate, symbolisant le potentiel humain et l'\u00e9nergie intuitive abord\u00e9es dans l'article sur le d\u00e9veloppement durable. Ce visuel illustre la puissance de l'\u00e9nergie humaine pour transformer et guider des strat\u00e9gies de d\u00e9veloppement durable, mettant en lumi\u00e8re la capacit\u00e9 humaine \u00e0 transcender les d\u00e9fis par l'innovation et la cr\u00e9ativit\u00e9."},{"@type":"BreadcrumbList","@id":"https:\/\/krissaintange.com\/news\/lhumain-energie-intuitive-universelle-pour-un-developpement-durable\/#breadcrumb","itemListElement":[{"@type":"ListItem","position":1,"name":"Accueil","item":"https:\/\/krissaintange.com\/news\/"},{"@type":"ListItem","position":2,"name":"L\u2019Humain :\u00c9nergie Intuitive &amp; Universelle pour un d\u00e9veloppement durable."}]},{"@type":"WebSite","@id":"https:\/\/krissaintange.com\/news\/#website","url":"https:\/\/krissaintange.com\/news\/","name":"Kris Saint Ange news","description":"Pens\u00e9es Pr\u00e9cieuses pour un Avenir Lumineux.","publisher":{"@id":"https:\/\/krissaintange.com\/news\/#organization"},"potentialAction":[{"@type":"SearchAction","target":{"@type":"EntryPoint","urlTemplate":"https:\/\/krissaintange.com\/news\/?s={search_term_string}"},"query-input":{"@type":"PropertyValueSpecification","valueRequired":true,"valueName":"search_term_string"}}],"inLanguage":"fr-FR"},{"@type":"Organization","@id":"https:\/\/krissaintange.com\/news\/#organization","name":"Kris Saint Ange news","url":"https:\/\/krissaintange.com\/news\/","logo":{"@type":"ImageObject","inLanguage":"fr-FR","@id":"https:\/\/krissaintange.com\/news\/#\/schema\/logo\/image\/","url":"https:\/\/krissaintange.com\/news\/wp-content\/uploads\/sites\/4\/2024\/04\/logo-blanc-fond-noir-NEWS.png","contentUrl":"https:\/\/krissaintange.com\/news\/wp-content\/uploads\/sites\/4\/2024\/04\/logo-blanc-fond-noir-NEWS.png","width":500,"height":500,"caption":"Kris Saint Ange news"},"image":{"@id":"https:\/\/krissaintange.com\/news\/#\/schema\/logo\/image\/"},"sameAs":["https:\/\/www.facebook.com\/krissaintange\/","https:\/\/x.com\/KrisSaintAnge","https:\/\/www.instagram.com\/krissaintange\/","https:\/\/www.linkedin.com\/in\/krissaintange\/"]},{"@type":"Person","@id":"https:\/\/krissaintange.com\/news\/#\/schema\/person\/954f2d46b073ab6ee642d82051890b5e","name":"KRIS SAINT ANGE","pronouns":"elle","image":{"@type":"ImageObject","inLanguage":"fr-FR","@id":"https:\/\/krissaintange.com\/news\/wp-content\/litespeed\/avatar\/4\/fbaf888568e0f9acb2bd88c54aefd249.jpg?ver=1777492088","url":"https:\/\/krissaintange.com\/news\/wp-content\/litespeed\/avatar\/4\/fbaf888568e0f9acb2bd88c54aefd249.jpg?ver=1777492088","contentUrl":"https:\/\/krissaintange.com\/news\/wp-content\/litespeed\/avatar\/4\/fbaf888568e0f9acb2bd88c54aefd249.jpg?ver=1777492088","caption":"KRIS SAINT ANGE"},"description":"M\u00e9dium de naissance, Kris Saint Ange puise sa m\u00e9thodologie dans une dualit\u00e9 assum\u00e9e : la pens\u00e9e rationnelle et les outils du leadership contemporain, alli\u00e9s \u00e0 la capacit\u00e9 de lire les flux invisibles qui traversent les individus et les syst\u00e8mes. Depuis plus de 15 ans, elle accompagne dirigeants, diplomates, institutions et particuliers pour d\u00e9crypter les tensions, anticiper les crises et faire na\u00eetre des d\u00e9cisions align\u00e9es, tactiques et profond\u00e9ment humaines.","sameAs":["https:\/\/krissaintange.com","https:\/\/www.facebook.com\/krissaintange\/","https:\/\/www.instagram.com\/krissaintange\/","https:\/\/www.linkedin.com\/in\/krissaintange\/","https:\/\/fr.pinterest.com\/krissaintange\/","https:\/\/x.com\/KrisSaintAnge","https:\/\/www.youtube.com\/@KrisSaintAnge"],"url":"https:\/\/krissaintange.com\/news\/author\/krissaintange\/"}]}},"_links":{"self":[{"href":"https:\/\/krissaintange.com\/news\/wp-json\/wp\/v2\/posts\/2765","targetHints":{"allow":["GET"]}}],"collection":[{"href":"https:\/\/krissaintange.com\/news\/wp-json\/wp\/v2\/posts"}],"about":[{"href":"https:\/\/krissaintange.com\/news\/wp-json\/wp\/v2\/types\/post"}],"author":[{"embeddable":true,"href":"https:\/\/krissaintange.com\/news\/wp-json\/wp\/v2\/users\/2"}],"replies":[{"embeddable":true,"href":"https:\/\/krissaintange.com\/news\/wp-json\/wp\/v2\/comments?post=2765"}],"version-history":[{"count":0,"href":"https:\/\/krissaintange.com\/news\/wp-json\/wp\/v2\/posts\/2765\/revisions"}],"wp:featuredmedia":[{"embeddable":true,"href":"https:\/\/krissaintange.com\/news\/wp-json\/wp\/v2\/media\/2823"}],"wp:attachment":[{"href":"https:\/\/krissaintange.com\/news\/wp-json\/wp\/v2\/media?parent=2765"}],"wp:term":[{"taxonomy":"category","embeddable":true,"href":"https:\/\/krissaintange.com\/news\/wp-json\/wp\/v2\/categories?post=2765"},{"taxonomy":"post_tag","embeddable":true,"href":"https:\/\/krissaintange.com\/news\/wp-json\/wp\/v2\/tags?post=2765"}],"curies":[{"name":"wp","href":"https:\/\/api.w.org\/{rel}","templated":true}]}}