{"id":2870,"date":"2019-11-18T13:26:00","date_gmt":"2019-11-18T12:26:00","guid":{"rendered":"https:\/\/krissaintange.com\/news\/?p=2870"},"modified":"2024-06-14T11:23:58","modified_gmt":"2024-06-14T09:23:58","slug":"economie-collaborative-integree-et-exportee-veritable-communaute-du-partage-au-dessus-de-lindividualisme-et-du-gaspillage","status":"publish","type":"post","link":"https:\/\/krissaintange.com\/news\/economie-collaborative-integree-et-exportee-veritable-communaute-du-partage-au-dessus-de-lindividualisme-et-du-gaspillage\/","title":{"rendered":"\u00c9conomie collaborative int\u00e9gr\u00e9e et export\u00e9e : v\u00e9ritable communaut\u00e9 du partage au-dessus de l\u2019individualisme et du gaspillage."},"content":{"rendered":"\n<p><strong>La crise \u00e9conomique alli\u00e9e \u00e0 une d\u00e9mographie croissante explique en partie l&rsquo;essor de cette \u00e9conomie de partage. Trop longtemps pressentie comme utopique pour les pays d\u00e9velopp\u00e9s, les consommateurs, coinc\u00e9s dans un march\u00e9 interpersonnel, ont opt\u00e9 les premiers pour ce changement.<\/strong><\/p>\n\n\n\n<p>Dans cette p\u00e9riode de rigueur, les citoyens mettent un point d\u2019honneur \u00e0 cr\u00e9er ou d\u00e9velopper des liens sociaux ; la ma\u00eetrise du budget, au c\u0153ur de leurs priorit\u00e9s, leur impose des choix, celui de se tourner vers des services adapt\u00e9s leur permettant des activit\u00e9s \u00e0 moindre prix.<\/p>\n\n\n\n<p>Si la conscience collective modifie durablement ses habitudes de consommation, elle engage les professionnels, comme les acteurs \u00e9tatiques dans cette voie.<\/p>\n\n\n\n<p>Ainsi, le rapport Terrasse marque l\u2019entr\u00e9e de l\u2019\u00e9conomie collaborative dans la vie politique et en d\u00e9finit les contours de mani\u00e8re pr\u00e9cise. Son objectif permet d\u2019apporter un \u00e9clairage sur l\u2019\u00e9volution \u00e0 pr\u00e9voir quant \u00e0 celle nouvelle forme d\u2019\u00e9conomie, \u00e9galement son impact sur les principaux acteurs, ainsi que les secteurs \u00e9conomiques en pleine mutation.<\/p>\n\n\n\n<p>De cette fa\u00e7on, les intervenants sont \u00e0 m\u00eame de mesurer les opportunit\u00e9s r\u00e9elles, puis les risques pour l\u2019entreprise et les territoires avec le contrecoup mesurable sur l\u2019emploi et les salari\u00e9s.<\/p>\n\n\n\n<h2 class=\"wp-block-heading has-text-align-center has-small-font-size\"><strong>Quelles raisons ont permis le d\u00e9veloppement de cette \u00e9conomie de partage ?<\/strong><\/h2>\n\n\n\n<ul class=\"wp-block-list\">\n<li>Les changements majeurs.<\/li>\n\n\n\n<li>Le d\u00e9veloppement durable.<\/li>\n\n\n\n<li>La mondialisation.<\/li>\n<\/ul>\n\n\n\n<p>Ces trois axes auxquels sont sensibilis\u00e9es les entreprises, d\u00e9terminent et modifient en profondeur leur comportement. Certains choix peuvent affecter durablement leur d\u00e9veloppement, porteurs d\u2019expansion, comme de ruptures, raison pour laquelle, l\u2019\u00c9tat, comme les acteurs socio-\u00e9conomiques ou les entreprises doivent renforcer leur vigilance en mati\u00e8re de veille \u00e9conomique. Outre cet aspect, leur r\u00f4le est d\u2019anticiper \u00e0 tous les niveaux pour favoriser et inscrire la cr\u00e9ation d\u2019emploi \u00e0 haute valeur ajout\u00e9e au sein de leurs strat\u00e9gies.<\/p>\n\n\n\n<p>Si la consommation collaborative est jug\u00e9e porteuse de nombreuses vertus tant sur le plan social qu\u2019environnemental, son fonctionnement \u00e9tudi\u00e9 dans certains milieux \u00e9conomiques, comme m\u00e9diatiques, d\u00e9montrent ses possibilit\u00e9s et les limites de son \u00e9tendue, dans une logique de durabilit\u00e9.<\/p>\n\n\n\n<p>Cette r\u00e9volution impuls\u00e9e par la technologie a pour particularit\u00e9 essentielle de favoriser la relation directe entre les particuliers en limitant les interm\u00e9diaires.<\/p>\n\n\n\n<p>Leur expansion facilit\u00e9e par le d\u00e9veloppement des plateformes internet permettent d\u2019affirmer que cette \u00e9conomie se veut r\u00e9solument protectrice de l\u2019environnement et performante.<\/p>\n\n\n\n<h2 class=\"wp-block-heading has-text-align-center has-small-font-size\"><strong>Quels sont les atouts de cette \u00e9conomie de partage ?<\/strong><\/h2>\n\n\n\n<h3 class=\"wp-block-heading has-small-font-size\"><strong>\u00caTRE ET NE PLUS AVOIR<\/strong><\/h3>\n\n\n\n<p>Cette \u00e9conomie bas\u00e9e sur une nouvelle forme de partage ou d\u2019\u00e9change s\u2019est popularis\u00e9e avec les particuliers au d\u00e9part. Il mise sur l\u2019usage et non sur l\u2019accumulation de biens.<\/p>\n\n\n\n<p>La possession est oubli\u00e9e au d\u00e9triment d\u2019une facilit\u00e9 et d\u2019un bien-\u00eatre \u00e9chang\u00e9, avec de moindres contraintes \u00e0 tous les niveaux. L\u2019\u00e9change de biens ou de services peut \u00eatre payant ou sans contrepartie financi\u00e8re. Le lien peut se cr\u00e9er au sein des lieux d\u2019\u00e9change.<\/p>\n\n\n\n<h3 class=\"wp-block-heading has-small-font-size\"><strong>CONCILIER INITIATIVE, D\u00c9VELOPPEMENT ET CROISSANCE<\/strong><\/h3>\n\n\n\n<p>Elle engage les particuliers, les entreprises et l\u2019\u00e9tat dans leur d\u00e9veloppement, en mettant en contact diff\u00e9rents intervenants. Ils interagissent dans l\u2019activit\u00e9 de l\u2019autre, en partageant connaissances et initiatives.<\/p>\n\n\n\n<h3 class=\"wp-block-heading has-small-font-size\"><strong>ADOPTER UN NOUVEL \u00c9TAT D\u2019ESPRIT<\/strong><\/h3>\n\n\n\n<p>Les nouvelles motivations des consommateurs et l\u2019influence directe d\u2019internet favorise l\u2019\u00e9mergence de cette \u00e9conomie de partage. Elle relie les \u00eatres de fa\u00e7on naturelle et une confiance naturelle s\u2019instaure.<br>L\u2019absence d\u2019interm\u00e9diaires facilite les transactions et favorise le d\u00e9veloppement entre les acteurs.<\/p>\n\n\n\n<blockquote class=\"wp-block-quote is-layout-flow wp-block-quote-is-layout-flow\">\n<p class=\"has-medium-font-size\"><strong>Seule la coop\u00e9ration des acteurs permet de faire respecter des biens communs.<\/strong><\/p>\n<cite>Elinor Ostrom, prix Nobel d\u2019\u00e9conomie 2009<em>\u200b<\/em><\/cite><\/blockquote>\n\n\n\n<h3 class=\"wp-block-heading has-small-font-size\"><strong>D\u00c9VELOPPER SA CR\u00c9ATIVIT<\/strong>\u00c9<\/h3>\n\n\n\n<p>S\u2019imposant comme un formidable catalyseur d\u2019innovations, l\u2019\u00e9conomie de partage fonde ses valeurs sur des pr\u00e9occupations citoyennes essentielles telles que la transparence, la collaboration et les changements politiques. Ce r\u00e9el besoin de se r\u00e9inventer, et de d\u00e9velopper sa cr\u00e9ativit\u00e9, illustre le choix ainsi que la motivation de toute une g\u00e9n\u00e9ration qui souhaite tisser des liens fraternels et inscrivant l\u2019innovation aux th\u00e8mes principaux de la vie soci\u00e9tale.<\/p>\n\n\n\n<h3 class=\"wp-block-heading has-small-font-size\"><strong>FINANCER AUTREMENT<\/strong><\/h3>\n\n\n\n<p>Ce mod\u00e8le d\u2019\u00e9conomie collaborative permet \u00e0 un particulier de participer \u00e0 la r\u00e9ussite d\u2019un projet de son choix en le soutenant financi\u00e8rement. Il peut soutenir le projet d\u2019un particulier, celui d\u2019une association ou d\u2019une entreprise. Il peut \u00e9galement choisir de donner, pr\u00eater ou investir son argent.<\/p>\n\n\n\n<p>Nous obligeant \u00e0 revisiter nos cadres l\u00e9gaux, nos r\u00e9flexions et analyses traditionnelles, l&rsquo;\u00e9conomie collaborative est devenue une opportunit\u00e9 de simplifier et de clarifier certains pans du droit.<\/p>\n\n\n\n<p>Placer l\u2019humain au c\u0153ur du d\u00e9veloppement dans le domaine l\u2019\u00e9conomie, demeure un support cr\u00e9ateur d\u2019avancement, qui pr\u00e9vaut sur les courants financiers traversant les politiques de d\u00e9veloppement. Ce mod\u00e8le \u00e9conomique prometteur permet aux citoyens de trouver un \u00e9quilibre, de se sentir impliqu\u00e9 dans une soci\u00e9t\u00e9 qui retrouve un sens moral, de par la diversit\u00e9 des approches, tout en pr\u00e9servant l\u2019autonomie de chacun des acteurs.<\/p>\n\n\n\n<h2 class=\"wp-block-heading has-text-align-center has-small-font-size\"><strong>L\u2019\u00e9conomie collaborative, c\u2019est chercher son \u00e9panouissement soci\u00e9tal autrement.<\/strong><\/h2>\n\n\n\n<p>Dans un contexte international en pleine mutation et d\u00e9veloppement, la continuit\u00e9 et la r\u00e9activit\u00e9 de cette \u00e9conomie adaptable sera favoris\u00e9e car exportable et duplicable. Permettant d\u2019apporter de promptes r\u00e9ponses sp\u00e9cifiques, elle noue des contacts entre les soci\u00e9t\u00e9s et les communaut\u00e9s, stimulant les populations les plus fragilis\u00e9es par la crise.<\/p>\n\n\n\n<p>En ces temps de contraintes \u00e9conomiques et d\u2019enjeux mondiaux multiples, opter pour l\u2019\u00e9conomie collaborative, c\u2019est d\u00e9multiplier son investissement personnel en agissant directement sur les leviers qui favorisent le d\u00e9veloppement mondial. Il est primordial de se souvenir que cet investissement porte en lui une valeur essentielle : celle du lien social de solidarit\u00e9 qui le fonde.<\/p>\n\n\n\n<h2 class=\"wp-block-heading has-text-align-center has-small-font-size\"><strong>Ne laissons pas passer cette opportunit\u00e9 de d\u00e9veloppement !<\/strong><\/h2>\n\n\n\n<p>*D\u2019apr\u00e8s l\u2019agence PWC, le march\u00e9 de l\u2019\u00e9conomie collaborative devrait connaitre une croissance annuelle de 63 % pour peser environ 335 milliards de dollars d\u2019ici \u00e0 2025.<\/p>\n","protected":false},"excerpt":{"rendered":"<p>La crise \u00e9conomique alli\u00e9e \u00e0 une d\u00e9mographie croissante explique en partie l&rsquo;essor de cette \u00e9conomie de partage. Trop longtemps pressentie comme utopique pour les pays d\u00e9velopp\u00e9s, les consommateurs, coinc\u00e9s dans un march\u00e9 interpersonnel, ont opt\u00e9 les premiers pour ce changement. Dans cette p\u00e9riode de rigueur, les citoyens mettent un point d\u2019honneur \u00e0 cr\u00e9er ou d\u00e9velopper [&hellip;]<\/p>\n","protected":false},"author":2,"featured_media":2871,"comment_status":"open","ping_status":"open","sticky":false,"template":"","format":"standard","meta":{"footnotes":""},"categories":[4],"tags":[],"class_list":["post-2870","post","type-post","status-publish","format-standard","has-post-thumbnail","hentry","category-vie-des-affaires"],"yoast_head":"<!-- This site is optimized with the Yoast SEO plugin v27.4 - https:\/\/yoast.com\/product\/yoast-seo-wordpress\/ -->\n<title>\u00c9conomie collaborative int\u00e9gr\u00e9e et export\u00e9e : v\u00e9ritable communaut\u00e9 du partage au-dessus de l\u2019individualisme et du gaspillage. - Kris Saint Ange news<\/title>\n<meta name=\"description\" content=\"L&#039;\u00e9conomie collaborative promeut le partage, red\u00e9finissant la solidarit\u00e9 comme moteur de d\u00e9veloppement mondial.\" \/>\n<meta name=\"robots\" content=\"index, follow, max-snippet:-1, max-image-preview:large, max-video-preview:-1\" \/>\n<link rel=\"canonical\" href=\"https:\/\/krissaintange.com\/news\/economie-collaborative-integree-et-exportee-veritable-communaute-du-partage-au-dessus-de-lindividualisme-et-du-gaspillage\/\" \/>\n<meta property=\"og:locale\" content=\"fr_FR\" \/>\n<meta property=\"og:type\" content=\"article\" \/>\n<meta property=\"og:title\" content=\"\u00c9conomie collaborative int\u00e9gr\u00e9e et export\u00e9e : v\u00e9ritable communaut\u00e9 du partage au-dessus de l\u2019individualisme et du gaspillage. - Kris Saint Ange news\" \/>\n<meta property=\"og:description\" content=\"L&#039;\u00e9conomie collaborative promeut le partage, red\u00e9finissant la solidarit\u00e9 comme moteur de d\u00e9veloppement mondial.\" \/>\n<meta property=\"og:url\" content=\"https:\/\/krissaintange.com\/news\/economie-collaborative-integree-et-exportee-veritable-communaute-du-partage-au-dessus-de-lindividualisme-et-du-gaspillage\/\" \/>\n<meta property=\"og:site_name\" content=\"Kris Saint Ange news\" \/>\n<meta property=\"article:publisher\" content=\"https:\/\/www.facebook.com\/krissaintange\/\" \/>\n<meta property=\"article:author\" content=\"https:\/\/www.facebook.com\/krissaintange\/\" \/>\n<meta property=\"article:published_time\" content=\"2019-11-18T12:26:00+00:00\" \/>\n<meta property=\"article:modified_time\" content=\"2024-06-14T09:23:58+00:00\" \/>\n<meta property=\"og:image\" content=\"https:\/\/krissaintange.com\/news\/wp-content\/uploads\/sites\/4\/2024\/04\/ROUE.jpg\" \/>\n\t<meta property=\"og:image:width\" content=\"700\" \/>\n\t<meta property=\"og:image:height\" content=\"525\" \/>\n\t<meta property=\"og:image:type\" content=\"image\/jpeg\" \/>\n<meta name=\"author\" content=\"KRIS SAINT ANGE\" \/>\n<meta name=\"twitter:card\" content=\"summary_large_image\" \/>\n<meta name=\"twitter:creator\" content=\"@KrisSaintAnge\" \/>\n<meta name=\"twitter:site\" content=\"@KrisSaintAnge\" \/>\n<meta name=\"twitter:label1\" content=\"\u00c9crit par\" \/>\n\t<meta name=\"twitter:data1\" content=\"KRIS SAINT ANGE\" \/>\n\t<meta name=\"twitter:label2\" content=\"Dur\u00e9e de lecture estim\u00e9e\" \/>\n\t<meta name=\"twitter:data2\" content=\"5 minutes\" \/>\n<script type=\"application\/ld+json\" class=\"yoast-schema-graph\">{\"@context\":\"https:\\\/\\\/schema.org\",\"@graph\":[{\"@type\":\"Article\",\"@id\":\"https:\\\/\\\/krissaintange.com\\\/news\\\/economie-collaborative-integree-et-exportee-veritable-communaute-du-partage-au-dessus-de-lindividualisme-et-du-gaspillage\\\/#article\",\"isPartOf\":{\"@id\":\"https:\\\/\\\/krissaintange.com\\\/news\\\/economie-collaborative-integree-et-exportee-veritable-communaute-du-partage-au-dessus-de-lindividualisme-et-du-gaspillage\\\/\"},\"author\":{\"name\":\"KRIS SAINT ANGE\",\"@id\":\"https:\\\/\\\/krissaintange.com\\\/news\\\/#\\\/schema\\\/person\\\/954f2d46b073ab6ee642d82051890b5e\"},\"headline\":\"\u00c9conomie collaborative int\u00e9gr\u00e9e et export\u00e9e : v\u00e9ritable communaut\u00e9 du partage au-dessus de l\u2019individualisme et du gaspillage.\",\"datePublished\":\"2019-11-18T12:26:00+00:00\",\"dateModified\":\"2024-06-14T09:23:58+00:00\",\"mainEntityOfPage\":{\"@id\":\"https:\\\/\\\/krissaintange.com\\\/news\\\/economie-collaborative-integree-et-exportee-veritable-communaute-du-partage-au-dessus-de-lindividualisme-et-du-gaspillage\\\/\"},\"wordCount\":1056,\"commentCount\":0,\"publisher\":{\"@id\":\"https:\\\/\\\/krissaintange.com\\\/news\\\/#organization\"},\"image\":{\"@id\":\"https:\\\/\\\/krissaintange.com\\\/news\\\/economie-collaborative-integree-et-exportee-veritable-communaute-du-partage-au-dessus-de-lindividualisme-et-du-gaspillage\\\/#primaryimage\"},\"thumbnailUrl\":\"https:\\\/\\\/krissaintange.com\\\/news\\\/wp-content\\\/uploads\\\/sites\\\/4\\\/2024\\\/04\\\/ROUE.jpg\",\"articleSection\":[\"Vie des Affaires\"],\"inLanguage\":\"fr-FR\",\"potentialAction\":[{\"@type\":\"CommentAction\",\"name\":\"Comment\",\"target\":[\"https:\\\/\\\/krissaintange.com\\\/news\\\/economie-collaborative-integree-et-exportee-veritable-communaute-du-partage-au-dessus-de-lindividualisme-et-du-gaspillage\\\/#respond\"]}]},{\"@type\":\"WebPage\",\"@id\":\"https:\\\/\\\/krissaintange.com\\\/news\\\/economie-collaborative-integree-et-exportee-veritable-communaute-du-partage-au-dessus-de-lindividualisme-et-du-gaspillage\\\/\",\"url\":\"https:\\\/\\\/krissaintange.com\\\/news\\\/economie-collaborative-integree-et-exportee-veritable-communaute-du-partage-au-dessus-de-lindividualisme-et-du-gaspillage\\\/\",\"name\":\"\u00c9conomie collaborative int\u00e9gr\u00e9e et export\u00e9e : v\u00e9ritable communaut\u00e9 du partage au-dessus de l\u2019individualisme et du gaspillage. - Kris Saint Ange news\",\"isPartOf\":{\"@id\":\"https:\\\/\\\/krissaintange.com\\\/news\\\/#website\"},\"primaryImageOfPage\":{\"@id\":\"https:\\\/\\\/krissaintange.com\\\/news\\\/economie-collaborative-integree-et-exportee-veritable-communaute-du-partage-au-dessus-de-lindividualisme-et-du-gaspillage\\\/#primaryimage\"},\"image\":{\"@id\":\"https:\\\/\\\/krissaintange.com\\\/news\\\/economie-collaborative-integree-et-exportee-veritable-communaute-du-partage-au-dessus-de-lindividualisme-et-du-gaspillage\\\/#primaryimage\"},\"thumbnailUrl\":\"https:\\\/\\\/krissaintange.com\\\/news\\\/wp-content\\\/uploads\\\/sites\\\/4\\\/2024\\\/04\\\/ROUE.jpg\",\"datePublished\":\"2019-11-18T12:26:00+00:00\",\"dateModified\":\"2024-06-14T09:23:58+00:00\",\"description\":\"L'\u00e9conomie collaborative promeut le partage, red\u00e9finissant la solidarit\u00e9 comme moteur de d\u00e9veloppement mondial.\",\"breadcrumb\":{\"@id\":\"https:\\\/\\\/krissaintange.com\\\/news\\\/economie-collaborative-integree-et-exportee-veritable-communaute-du-partage-au-dessus-de-lindividualisme-et-du-gaspillage\\\/#breadcrumb\"},\"inLanguage\":\"fr-FR\",\"potentialAction\":[{\"@type\":\"ReadAction\",\"target\":[\"https:\\\/\\\/krissaintange.com\\\/news\\\/economie-collaborative-integree-et-exportee-veritable-communaute-du-partage-au-dessus-de-lindividualisme-et-du-gaspillage\\\/\"]}]},{\"@type\":\"ImageObject\",\"inLanguage\":\"fr-FR\",\"@id\":\"https:\\\/\\\/krissaintange.com\\\/news\\\/economie-collaborative-integree-et-exportee-veritable-communaute-du-partage-au-dessus-de-lindividualisme-et-du-gaspillage\\\/#primaryimage\",\"url\":\"https:\\\/\\\/krissaintange.com\\\/news\\\/wp-content\\\/uploads\\\/sites\\\/4\\\/2024\\\/04\\\/ROUE.jpg\",\"contentUrl\":\"https:\\\/\\\/krissaintange.com\\\/news\\\/wp-content\\\/uploads\\\/sites\\\/4\\\/2024\\\/04\\\/ROUE.jpg\",\"width\":700,\"height\":525,\"caption\":\"Gros plan sur les composants d'un moteur industriel, illustrant la complexit\u00e9 et la n\u00e9cessit\u00e9 d'innovation technologique dans les syst\u00e8mes de gestion moderne.\"},{\"@type\":\"BreadcrumbList\",\"@id\":\"https:\\\/\\\/krissaintange.com\\\/news\\\/economie-collaborative-integree-et-exportee-veritable-communaute-du-partage-au-dessus-de-lindividualisme-et-du-gaspillage\\\/#breadcrumb\",\"itemListElement\":[{\"@type\":\"ListItem\",\"position\":1,\"name\":\"Accueil\",\"item\":\"https:\\\/\\\/krissaintange.com\\\/news\\\/\"},{\"@type\":\"ListItem\",\"position\":2,\"name\":\"\u00c9conomie collaborative int\u00e9gr\u00e9e et export\u00e9e : v\u00e9ritable communaut\u00e9 du partage au-dessus de l\u2019individualisme et du gaspillage.\"}]},{\"@type\":\"WebSite\",\"@id\":\"https:\\\/\\\/krissaintange.com\\\/news\\\/#website\",\"url\":\"https:\\\/\\\/krissaintange.com\\\/news\\\/\",\"name\":\"Kris Saint Ange news\",\"description\":\"Pens\u00e9es Pr\u00e9cieuses pour un Avenir Lumineux.\",\"publisher\":{\"@id\":\"https:\\\/\\\/krissaintange.com\\\/news\\\/#organization\"},\"potentialAction\":[{\"@type\":\"SearchAction\",\"target\":{\"@type\":\"EntryPoint\",\"urlTemplate\":\"https:\\\/\\\/krissaintange.com\\\/news\\\/?s={search_term_string}\"},\"query-input\":{\"@type\":\"PropertyValueSpecification\",\"valueRequired\":true,\"valueName\":\"search_term_string\"}}],\"inLanguage\":\"fr-FR\"},{\"@type\":\"Organization\",\"@id\":\"https:\\\/\\\/krissaintange.com\\\/news\\\/#organization\",\"name\":\"Kris Saint Ange news\",\"url\":\"https:\\\/\\\/krissaintange.com\\\/news\\\/\",\"logo\":{\"@type\":\"ImageObject\",\"inLanguage\":\"fr-FR\",\"@id\":\"https:\\\/\\\/krissaintange.com\\\/news\\\/#\\\/schema\\\/logo\\\/image\\\/\",\"url\":\"https:\\\/\\\/krissaintange.com\\\/news\\\/wp-content\\\/uploads\\\/sites\\\/4\\\/2024\\\/04\\\/logo-blanc-fond-noir-NEWS.png\",\"contentUrl\":\"https:\\\/\\\/krissaintange.com\\\/news\\\/wp-content\\\/uploads\\\/sites\\\/4\\\/2024\\\/04\\\/logo-blanc-fond-noir-NEWS.png\",\"width\":500,\"height\":500,\"caption\":\"Kris Saint Ange news\"},\"image\":{\"@id\":\"https:\\\/\\\/krissaintange.com\\\/news\\\/#\\\/schema\\\/logo\\\/image\\\/\"},\"sameAs\":[\"https:\\\/\\\/www.facebook.com\\\/krissaintange\\\/\",\"https:\\\/\\\/x.com\\\/KrisSaintAnge\",\"https:\\\/\\\/www.instagram.com\\\/krissaintange\\\/\",\"https:\\\/\\\/www.linkedin.com\\\/in\\\/krissaintange\\\/\"]},{\"@type\":\"Person\",\"@id\":\"https:\\\/\\\/krissaintange.com\\\/news\\\/#\\\/schema\\\/person\\\/954f2d46b073ab6ee642d82051890b5e\",\"name\":\"KRIS SAINT ANGE\",\"pronouns\":\"elle\",\"image\":{\"@type\":\"ImageObject\",\"inLanguage\":\"fr-FR\",\"@id\":\"https:\\\/\\\/krissaintange.com\\\/news\\\/wp-content\\\/litespeed\\\/avatar\\\/4\\\/fbaf888568e0f9acb2bd88c54aefd249.jpg?ver=1776884513\",\"url\":\"https:\\\/\\\/krissaintange.com\\\/news\\\/wp-content\\\/litespeed\\\/avatar\\\/4\\\/fbaf888568e0f9acb2bd88c54aefd249.jpg?ver=1776884513\",\"contentUrl\":\"https:\\\/\\\/krissaintange.com\\\/news\\\/wp-content\\\/litespeed\\\/avatar\\\/4\\\/fbaf888568e0f9acb2bd88c54aefd249.jpg?ver=1776884513\",\"caption\":\"KRIS SAINT ANGE\"},\"description\":\"M\u00e9dium de naissance, Kris Saint Ange puise sa m\u00e9thodologie dans une dualit\u00e9 assum\u00e9e : la pens\u00e9e rationnelle et les outils du leadership contemporain, alli\u00e9s \u00e0 la capacit\u00e9 de lire les flux invisibles qui traversent les individus et les syst\u00e8mes. Depuis plus de 15 ans, elle accompagne dirigeants, diplomates, institutions et particuliers pour d\u00e9crypter les tensions, anticiper les crises et faire na\u00eetre des d\u00e9cisions align\u00e9es, tactiques et profond\u00e9ment humaines.\",\"sameAs\":[\"https:\\\/\\\/krissaintange.com\",\"https:\\\/\\\/www.facebook.com\\\/krissaintange\\\/\",\"https:\\\/\\\/www.instagram.com\\\/krissaintange\\\/\",\"https:\\\/\\\/www.linkedin.com\\\/in\\\/krissaintange\\\/\",\"https:\\\/\\\/fr.pinterest.com\\\/krissaintange\\\/\",\"https:\\\/\\\/x.com\\\/KrisSaintAnge\",\"https:\\\/\\\/www.youtube.com\\\/@KrisSaintAnge\"],\"url\":\"https:\\\/\\\/krissaintange.com\\\/news\\\/author\\\/krissaintange\\\/\"}]}<\/script>\n<!-- \/ Yoast SEO plugin. -->","yoast_head_json":{"title":"\u00c9conomie collaborative int\u00e9gr\u00e9e et export\u00e9e : v\u00e9ritable communaut\u00e9 du partage au-dessus de l\u2019individualisme et du gaspillage. - Kris Saint Ange news","description":"L'\u00e9conomie collaborative promeut le partage, red\u00e9finissant la solidarit\u00e9 comme moteur de d\u00e9veloppement mondial.","robots":{"index":"index","follow":"follow","max-snippet":"max-snippet:-1","max-image-preview":"max-image-preview:large","max-video-preview":"max-video-preview:-1"},"canonical":"https:\/\/krissaintange.com\/news\/economie-collaborative-integree-et-exportee-veritable-communaute-du-partage-au-dessus-de-lindividualisme-et-du-gaspillage\/","og_locale":"fr_FR","og_type":"article","og_title":"\u00c9conomie collaborative int\u00e9gr\u00e9e et export\u00e9e : v\u00e9ritable communaut\u00e9 du partage au-dessus de l\u2019individualisme et du gaspillage. - Kris Saint Ange news","og_description":"L'\u00e9conomie collaborative promeut le partage, red\u00e9finissant la solidarit\u00e9 comme moteur de d\u00e9veloppement mondial.","og_url":"https:\/\/krissaintange.com\/news\/economie-collaborative-integree-et-exportee-veritable-communaute-du-partage-au-dessus-de-lindividualisme-et-du-gaspillage\/","og_site_name":"Kris Saint Ange news","article_publisher":"https:\/\/www.facebook.com\/krissaintange\/","article_author":"https:\/\/www.facebook.com\/krissaintange\/","article_published_time":"2019-11-18T12:26:00+00:00","article_modified_time":"2024-06-14T09:23:58+00:00","og_image":[{"width":700,"height":525,"url":"https:\/\/krissaintange.com\/news\/wp-content\/uploads\/sites\/4\/2024\/04\/ROUE.jpg","type":"image\/jpeg"}],"author":"KRIS SAINT ANGE","twitter_card":"summary_large_image","twitter_creator":"@KrisSaintAnge","twitter_site":"@KrisSaintAnge","twitter_misc":{"\u00c9crit par":"KRIS SAINT ANGE","Dur\u00e9e de lecture estim\u00e9e":"5 minutes"},"schema":{"@context":"https:\/\/schema.org","@graph":[{"@type":"Article","@id":"https:\/\/krissaintange.com\/news\/economie-collaborative-integree-et-exportee-veritable-communaute-du-partage-au-dessus-de-lindividualisme-et-du-gaspillage\/#article","isPartOf":{"@id":"https:\/\/krissaintange.com\/news\/economie-collaborative-integree-et-exportee-veritable-communaute-du-partage-au-dessus-de-lindividualisme-et-du-gaspillage\/"},"author":{"name":"KRIS SAINT ANGE","@id":"https:\/\/krissaintange.com\/news\/#\/schema\/person\/954f2d46b073ab6ee642d82051890b5e"},"headline":"\u00c9conomie collaborative int\u00e9gr\u00e9e et export\u00e9e : v\u00e9ritable communaut\u00e9 du partage au-dessus de l\u2019individualisme et du gaspillage.","datePublished":"2019-11-18T12:26:00+00:00","dateModified":"2024-06-14T09:23:58+00:00","mainEntityOfPage":{"@id":"https:\/\/krissaintange.com\/news\/economie-collaborative-integree-et-exportee-veritable-communaute-du-partage-au-dessus-de-lindividualisme-et-du-gaspillage\/"},"wordCount":1056,"commentCount":0,"publisher":{"@id":"https:\/\/krissaintange.com\/news\/#organization"},"image":{"@id":"https:\/\/krissaintange.com\/news\/economie-collaborative-integree-et-exportee-veritable-communaute-du-partage-au-dessus-de-lindividualisme-et-du-gaspillage\/#primaryimage"},"thumbnailUrl":"https:\/\/krissaintange.com\/news\/wp-content\/uploads\/sites\/4\/2024\/04\/ROUE.jpg","articleSection":["Vie des Affaires"],"inLanguage":"fr-FR","potentialAction":[{"@type":"CommentAction","name":"Comment","target":["https:\/\/krissaintange.com\/news\/economie-collaborative-integree-et-exportee-veritable-communaute-du-partage-au-dessus-de-lindividualisme-et-du-gaspillage\/#respond"]}]},{"@type":"WebPage","@id":"https:\/\/krissaintange.com\/news\/economie-collaborative-integree-et-exportee-veritable-communaute-du-partage-au-dessus-de-lindividualisme-et-du-gaspillage\/","url":"https:\/\/krissaintange.com\/news\/economie-collaborative-integree-et-exportee-veritable-communaute-du-partage-au-dessus-de-lindividualisme-et-du-gaspillage\/","name":"\u00c9conomie collaborative int\u00e9gr\u00e9e et export\u00e9e : v\u00e9ritable communaut\u00e9 du partage au-dessus de l\u2019individualisme et du gaspillage. - Kris Saint Ange news","isPartOf":{"@id":"https:\/\/krissaintange.com\/news\/#website"},"primaryImageOfPage":{"@id":"https:\/\/krissaintange.com\/news\/economie-collaborative-integree-et-exportee-veritable-communaute-du-partage-au-dessus-de-lindividualisme-et-du-gaspillage\/#primaryimage"},"image":{"@id":"https:\/\/krissaintange.com\/news\/economie-collaborative-integree-et-exportee-veritable-communaute-du-partage-au-dessus-de-lindividualisme-et-du-gaspillage\/#primaryimage"},"thumbnailUrl":"https:\/\/krissaintange.com\/news\/wp-content\/uploads\/sites\/4\/2024\/04\/ROUE.jpg","datePublished":"2019-11-18T12:26:00+00:00","dateModified":"2024-06-14T09:23:58+00:00","description":"L'\u00e9conomie collaborative promeut le partage, red\u00e9finissant la solidarit\u00e9 comme moteur de d\u00e9veloppement mondial.","breadcrumb":{"@id":"https:\/\/krissaintange.com\/news\/economie-collaborative-integree-et-exportee-veritable-communaute-du-partage-au-dessus-de-lindividualisme-et-du-gaspillage\/#breadcrumb"},"inLanguage":"fr-FR","potentialAction":[{"@type":"ReadAction","target":["https:\/\/krissaintange.com\/news\/economie-collaborative-integree-et-exportee-veritable-communaute-du-partage-au-dessus-de-lindividualisme-et-du-gaspillage\/"]}]},{"@type":"ImageObject","inLanguage":"fr-FR","@id":"https:\/\/krissaintange.com\/news\/economie-collaborative-integree-et-exportee-veritable-communaute-du-partage-au-dessus-de-lindividualisme-et-du-gaspillage\/#primaryimage","url":"https:\/\/krissaintange.com\/news\/wp-content\/uploads\/sites\/4\/2024\/04\/ROUE.jpg","contentUrl":"https:\/\/krissaintange.com\/news\/wp-content\/uploads\/sites\/4\/2024\/04\/ROUE.jpg","width":700,"height":525,"caption":"Gros plan sur les composants d'un moteur industriel, illustrant la complexit\u00e9 et la n\u00e9cessit\u00e9 d'innovation technologique dans les syst\u00e8mes de gestion moderne."},{"@type":"BreadcrumbList","@id":"https:\/\/krissaintange.com\/news\/economie-collaborative-integree-et-exportee-veritable-communaute-du-partage-au-dessus-de-lindividualisme-et-du-gaspillage\/#breadcrumb","itemListElement":[{"@type":"ListItem","position":1,"name":"Accueil","item":"https:\/\/krissaintange.com\/news\/"},{"@type":"ListItem","position":2,"name":"\u00c9conomie collaborative int\u00e9gr\u00e9e et export\u00e9e : v\u00e9ritable communaut\u00e9 du partage au-dessus de l\u2019individualisme et du gaspillage."}]},{"@type":"WebSite","@id":"https:\/\/krissaintange.com\/news\/#website","url":"https:\/\/krissaintange.com\/news\/","name":"Kris Saint Ange news","description":"Pens\u00e9es Pr\u00e9cieuses pour un Avenir Lumineux.","publisher":{"@id":"https:\/\/krissaintange.com\/news\/#organization"},"potentialAction":[{"@type":"SearchAction","target":{"@type":"EntryPoint","urlTemplate":"https:\/\/krissaintange.com\/news\/?s={search_term_string}"},"query-input":{"@type":"PropertyValueSpecification","valueRequired":true,"valueName":"search_term_string"}}],"inLanguage":"fr-FR"},{"@type":"Organization","@id":"https:\/\/krissaintange.com\/news\/#organization","name":"Kris Saint Ange news","url":"https:\/\/krissaintange.com\/news\/","logo":{"@type":"ImageObject","inLanguage":"fr-FR","@id":"https:\/\/krissaintange.com\/news\/#\/schema\/logo\/image\/","url":"https:\/\/krissaintange.com\/news\/wp-content\/uploads\/sites\/4\/2024\/04\/logo-blanc-fond-noir-NEWS.png","contentUrl":"https:\/\/krissaintange.com\/news\/wp-content\/uploads\/sites\/4\/2024\/04\/logo-blanc-fond-noir-NEWS.png","width":500,"height":500,"caption":"Kris Saint Ange news"},"image":{"@id":"https:\/\/krissaintange.com\/news\/#\/schema\/logo\/image\/"},"sameAs":["https:\/\/www.facebook.com\/krissaintange\/","https:\/\/x.com\/KrisSaintAnge","https:\/\/www.instagram.com\/krissaintange\/","https:\/\/www.linkedin.com\/in\/krissaintange\/"]},{"@type":"Person","@id":"https:\/\/krissaintange.com\/news\/#\/schema\/person\/954f2d46b073ab6ee642d82051890b5e","name":"KRIS SAINT ANGE","pronouns":"elle","image":{"@type":"ImageObject","inLanguage":"fr-FR","@id":"https:\/\/krissaintange.com\/news\/wp-content\/litespeed\/avatar\/4\/fbaf888568e0f9acb2bd88c54aefd249.jpg?ver=1776884513","url":"https:\/\/krissaintange.com\/news\/wp-content\/litespeed\/avatar\/4\/fbaf888568e0f9acb2bd88c54aefd249.jpg?ver=1776884513","contentUrl":"https:\/\/krissaintange.com\/news\/wp-content\/litespeed\/avatar\/4\/fbaf888568e0f9acb2bd88c54aefd249.jpg?ver=1776884513","caption":"KRIS SAINT ANGE"},"description":"M\u00e9dium de naissance, Kris Saint Ange puise sa m\u00e9thodologie dans une dualit\u00e9 assum\u00e9e : la pens\u00e9e rationnelle et les outils du leadership contemporain, alli\u00e9s \u00e0 la capacit\u00e9 de lire les flux invisibles qui traversent les individus et les syst\u00e8mes. Depuis plus de 15 ans, elle accompagne dirigeants, diplomates, institutions et particuliers pour d\u00e9crypter les tensions, anticiper les crises et faire na\u00eetre des d\u00e9cisions align\u00e9es, tactiques et profond\u00e9ment humaines.","sameAs":["https:\/\/krissaintange.com","https:\/\/www.facebook.com\/krissaintange\/","https:\/\/www.instagram.com\/krissaintange\/","https:\/\/www.linkedin.com\/in\/krissaintange\/","https:\/\/fr.pinterest.com\/krissaintange\/","https:\/\/x.com\/KrisSaintAnge","https:\/\/www.youtube.com\/@KrisSaintAnge"],"url":"https:\/\/krissaintange.com\/news\/author\/krissaintange\/"}]}},"_links":{"self":[{"href":"https:\/\/krissaintange.com\/news\/wp-json\/wp\/v2\/posts\/2870","targetHints":{"allow":["GET"]}}],"collection":[{"href":"https:\/\/krissaintange.com\/news\/wp-json\/wp\/v2\/posts"}],"about":[{"href":"https:\/\/krissaintange.com\/news\/wp-json\/wp\/v2\/types\/post"}],"author":[{"embeddable":true,"href":"https:\/\/krissaintange.com\/news\/wp-json\/wp\/v2\/users\/2"}],"replies":[{"embeddable":true,"href":"https:\/\/krissaintange.com\/news\/wp-json\/wp\/v2\/comments?post=2870"}],"version-history":[{"count":0,"href":"https:\/\/krissaintange.com\/news\/wp-json\/wp\/v2\/posts\/2870\/revisions"}],"wp:featuredmedia":[{"embeddable":true,"href":"https:\/\/krissaintange.com\/news\/wp-json\/wp\/v2\/media\/2871"}],"wp:attachment":[{"href":"https:\/\/krissaintange.com\/news\/wp-json\/wp\/v2\/media?parent=2870"}],"wp:term":[{"taxonomy":"category","embeddable":true,"href":"https:\/\/krissaintange.com\/news\/wp-json\/wp\/v2\/categories?post=2870"},{"taxonomy":"post_tag","embeddable":true,"href":"https:\/\/krissaintange.com\/news\/wp-json\/wp\/v2\/tags?post=2870"}],"curies":[{"name":"wp","href":"https:\/\/api.w.org\/{rel}","templated":true}]}}