{"id":2879,"date":"2023-01-20T14:14:00","date_gmt":"2023-01-20T13:14:00","guid":{"rendered":"https:\/\/krissaintange.com\/news\/?p=2879"},"modified":"2024-06-05T14:30:34","modified_gmt":"2024-06-05T12:30:34","slug":"la-tempete-fait-de-larbre-un-geant-ralph-waldo-emerson","status":"publish","type":"post","link":"https:\/\/krissaintange.com\/news\/la-tempete-fait-de-larbre-un-geant-ralph-waldo-emerson\/","title":{"rendered":"La temp\u00eate fait de l&rsquo;arbre un g\u00e9ant !-Ralph Waldo Emerson"},"content":{"rendered":"\n<p>Les plus grandes temp\u00eates dans la vie d&rsquo;un homme laissent souvent des traces&#8230; Elles varient consid\u00e9rablement en fonction de nos exp\u00e9riences, de nos perspectives et de notre propension \u00e0 se positionner \u00e0 l&rsquo;\u00e9tape d&rsquo;apr\u00e8s. Cependant, parfois, trop absorb\u00e9s par l&rsquo;instant pr\u00e9sent et la douleur, nous restons dans l&rsquo;incapacit\u00e9 de se projeter, t\u00e9tanis\u00e9s \u00e0 l&rsquo;id\u00e9e d&rsquo;un futur hypoth\u00e9tique encore plus chaotique.<\/p>\n\n\n\n<h2 class=\"wp-block-heading has-text-align-center has-medium-font-size\"><strong>Quelles temp\u00eates les plus courantes peuvent nous affecter ?<\/strong><\/h2>\n\n\n\n<ul class=\"wp-block-list\">\n<li><strong> La perte d&rsquo;un \u00eatre cher <\/strong>ou d&rsquo;un animal de compagnie<\/li>\n\n\n\n<li><strong>Les<\/strong>\u00a0<strong>probl\u00e8mes de sant\u00e9<\/strong>, y compris les maladies graves et les accidents<\/li>\n\n\n\n<li><strong>Les<\/strong>\u00a0<strong>probl\u00e8mes financiers<\/strong>, tels que la faillite ou le licenciement<\/li>\n\n\n\n<li><strong>Les<\/strong>\u00a0<strong>probl\u00e8mes de relations<\/strong>, y compris les ruptures amoureuses, les divorces et les conflits familiaux<\/li>\n\n\n\n<li><strong>Les<\/strong>\u00a0<strong>probl\u00e8mes d&rsquo;addiction<\/strong> ou de toxicomanie<\/li>\n\n\n\n<li><strong>Les<\/strong>\u00a0<strong>probl\u00e8mes de logement<\/strong>, tels que les expulsions ou les incendies<\/li>\n\n\n\n<li><strong>Les<\/strong>\u00a0<strong>traumatismes pass\u00e9s<\/strong>, tels que l&rsquo;abus ou la violence<\/li>\n\n\n\n<li><strong>Les<\/strong>\u00a0<strong>probl\u00e8mes de sant\u00e9 mentale<\/strong>, tels que la d\u00e9pression ou l&rsquo;anxi\u00e9t\u00e9<\/li>\n\n\n\n<li><strong>Les probl\u00e8mes li\u00e9s \u00e0 l&rsquo;\u00e2ge<\/strong>, tels que la retraite ou les besoins de soins<\/li>\n<\/ul>\n\n\n\n<h2 class=\"wp-block-heading has-text-align-center\"><strong><strong>Rena\u00eetre &#8211; \u00catre apr\u00e8s la temp\u00eate ?<\/strong><\/strong><\/h2>\n\n\n\n<p><strong>Si la temp\u00eate laisse des traces ind\u00e9l\u00e9biles, elle met en lumi\u00e8re certains aspects de notre personnalit\u00e9 comme des changements qui \u00e9mergent dont :<\/strong><\/p>\n\n\n\n<ul class=\"wp-block-list\">\n<li><strong>La r\u00e9silience<\/strong> ou la capacit\u00e9 de se remettre d&rsquo;un \u00e9v\u00e9nement difficile ou de surmonter les obstacles.<\/li>\n\n\n\n<li><strong>La croissance personnelle<\/strong> ou notre aptitude \u00e0 apprendre de ses exp\u00e9riences et devenir une personne plus r\u00e9sistante et plus sage.<\/li>\n\n\n\n<li><strong>La r\u00e9demption<\/strong> comme possibilit\u00e9 de se repentir de ses erreurs et de se racheter.<\/li>\n\n\n\n<li><strong>La r\u00e9surrection<\/strong> ou la volont\u00e9 de se relever apr\u00e8s une p\u00e9riode de d\u00e9clin ou de d\u00e9faite.<\/li>\n\n\n\n<li><strong>La r\u00e9invention<\/strong> comme possibilit\u00e9 de changer de vie ou de se red\u00e9finir soi-m\u00eame.<\/li>\n\n\n\n<li><strong>La r\u00e9conciliation<\/strong> comme ouverture donnant l&rsquo;opportunit\u00e9 de r\u00e9parer les relations bris\u00e9es.<\/li>\n\n\n\n<li><strong>La renaissance <\/strong>pour s&rsquo;\u00e9veiller \u00e0 une vie nouvelle et plus riche.<\/li>\n<\/ul>\n\n\n\n<h2 class=\"wp-block-heading has-text-align-center\"><strong>Comment un accompagnement peut aider en ce sens ?<\/strong><\/h2>\n\n\n\n<ol class=\"wp-block-list\">\n<li><strong>Le soutien \u00e9motionnel<\/strong> lorsque le professionnel comprend et soulage la douleur.<\/li>\n\n\n\n<li><strong>Cette perspective ext\u00e9rieure d&rsquo;accompagnement<\/strong> peut fournir un autre regard sur la situation et replace l&rsquo;individu dans l&rsquo;action, ce qui peut aider \u00e0 int\u00e9grer les difficult\u00e9s de mani\u00e8re plus claire et d\u00e9tach\u00e9e.<\/li>\n\n\n\n<li><strong>Ses conseils pratiques appropri\u00e9s<\/strong> apportent un \u00e9clairage pour surmonter la temp\u00eate, tels que des conseils adapt\u00e9s financiers, juridiques, m\u00e9dicaux ou relationnels.<\/li>\n\n\n\n<li><strong>La motivation maintenue<\/strong> pour surmonter en encourageant, en soutenant et en mesurant les \u00e9tapes franchies.<\/li>\n\n\n\n<li><strong>La pr\u00e9vention<\/strong> de la d\u00e9pression lorsque la gestion des troubles de l&rsquo;humeur, tels que la d\u00e9pression ou l&rsquo;anxi\u00e9t\u00e9, peuvent \u00eatre exacerb\u00e9s pour guider vers un service de soin adapt\u00e9 en compl\u00e9ment.<\/li>\n\n\n\n<li><strong>La reconstruction gr\u00e2ce \u00e0 une vision strat\u00e9gique et des potentiels futurs d\u00e9finis<\/strong> pour r\u00e9parer les aspects de la vie affect\u00e9s tels que les relations, l&rsquo;aspect mat\u00e9riel ou la sant\u00e9.<\/li>\n<\/ol>\n","protected":false},"excerpt":{"rendered":"<p>Les plus grandes temp\u00eates dans la vie d&rsquo;un homme laissent souvent des traces&#8230; Elles varient consid\u00e9rablement en fonction de nos exp\u00e9riences, de nos perspectives et de notre propension \u00e0 se positionner \u00e0 l&rsquo;\u00e9tape d&rsquo;apr\u00e8s. Cependant, parfois, trop absorb\u00e9s par l&rsquo;instant pr\u00e9sent et la douleur, nous restons dans l&rsquo;incapacit\u00e9 de se projeter, t\u00e9tanis\u00e9s \u00e0 l&rsquo;id\u00e9e d&rsquo;un [&hellip;]<\/p>\n","protected":false},"author":2,"featured_media":2880,"comment_status":"open","ping_status":"open","sticky":false,"template":"","format":"standard","meta":{"footnotes":""},"categories":[2,5],"tags":[],"class_list":["post-2879","post","type-post","status-publish","format-standard","has-post-thumbnail","hentry","category-coaching","category-vie-privee"],"yoast_head":"<!-- This site is optimized with the Yoast SEO plugin v27.5 - https:\/\/yoast.com\/product\/yoast-seo-wordpress\/ -->\n<title>La temp\u00eate fait de l&#039;arbre un g\u00e9ant !-Ralph Waldo Emerson - Kris Saint Ange news<\/title>\n<meta name=\"description\" content=\"Les grandes temp\u00eates de la vie fa\u00e7onnent nos perspectives et d\u00e9fis, invitant \u00e0 la r\u00e9silience et \u00e0 la renaissance apr\u00e8s des \u00e9preuves.\" \/>\n<meta name=\"robots\" content=\"index, follow, max-snippet:-1, max-image-preview:large, max-video-preview:-1\" \/>\n<link rel=\"canonical\" href=\"https:\/\/krissaintange.com\/news\/la-tempete-fait-de-larbre-un-geant-ralph-waldo-emerson\/\" \/>\n<meta property=\"og:locale\" content=\"fr_FR\" \/>\n<meta property=\"og:type\" content=\"article\" \/>\n<meta property=\"og:title\" content=\"La temp\u00eate fait de l&#039;arbre un g\u00e9ant !-Ralph Waldo Emerson - Kris Saint Ange news\" \/>\n<meta property=\"og:description\" content=\"Les grandes temp\u00eates de la vie fa\u00e7onnent nos perspectives et d\u00e9fis, invitant \u00e0 la r\u00e9silience et \u00e0 la renaissance apr\u00e8s des \u00e9preuves.\" \/>\n<meta property=\"og:url\" content=\"https:\/\/krissaintange.com\/news\/la-tempete-fait-de-larbre-un-geant-ralph-waldo-emerson\/\" \/>\n<meta property=\"og:site_name\" content=\"Kris Saint Ange news\" \/>\n<meta property=\"article:publisher\" content=\"https:\/\/www.facebook.com\/krissaintange\/\" \/>\n<meta property=\"article:author\" content=\"https:\/\/www.facebook.com\/krissaintange\/\" \/>\n<meta property=\"article:published_time\" content=\"2023-01-20T13:14:00+00:00\" \/>\n<meta property=\"article:modified_time\" content=\"2024-06-05T12:30:34+00:00\" \/>\n<meta property=\"og:image\" content=\"https:\/\/krissaintange.com\/news\/wp-content\/uploads\/sites\/4\/2024\/04\/foret.jpg\" \/>\n\t<meta property=\"og:image:width\" content=\"700\" \/>\n\t<meta property=\"og:image:height\" content=\"525\" \/>\n\t<meta property=\"og:image:type\" content=\"image\/jpeg\" \/>\n<meta name=\"author\" content=\"KRIS SAINT ANGE\" \/>\n<meta name=\"twitter:card\" content=\"summary_large_image\" \/>\n<meta name=\"twitter:creator\" content=\"@KrisSaintAnge\" \/>\n<meta name=\"twitter:site\" content=\"@KrisSaintAnge\" \/>\n<meta name=\"twitter:label1\" content=\"\u00c9crit par\" \/>\n\t<meta name=\"twitter:data1\" content=\"KRIS SAINT ANGE\" \/>\n\t<meta name=\"twitter:label2\" content=\"Dur\u00e9e de lecture estim\u00e9e\" \/>\n\t<meta name=\"twitter:data2\" content=\"3 minutes\" \/>\n<script type=\"application\/ld+json\" class=\"yoast-schema-graph\">{\"@context\":\"https:\\\/\\\/schema.org\",\"@graph\":[{\"@type\":\"Article\",\"@id\":\"https:\\\/\\\/krissaintange.com\\\/news\\\/la-tempete-fait-de-larbre-un-geant-ralph-waldo-emerson\\\/#article\",\"isPartOf\":{\"@id\":\"https:\\\/\\\/krissaintange.com\\\/news\\\/la-tempete-fait-de-larbre-un-geant-ralph-waldo-emerson\\\/\"},\"author\":{\"name\":\"KRIS SAINT ANGE\",\"@id\":\"https:\\\/\\\/krissaintange.com\\\/news\\\/#\\\/schema\\\/person\\\/954f2d46b073ab6ee642d82051890b5e\"},\"headline\":\"La temp\u00eate fait de l&rsquo;arbre un g\u00e9ant !-Ralph Waldo Emerson\",\"datePublished\":\"2023-01-20T13:14:00+00:00\",\"dateModified\":\"2024-06-05T12:30:34+00:00\",\"mainEntityOfPage\":{\"@id\":\"https:\\\/\\\/krissaintange.com\\\/news\\\/la-tempete-fait-de-larbre-un-geant-ralph-waldo-emerson\\\/\"},\"wordCount\":535,\"commentCount\":0,\"publisher\":{\"@id\":\"https:\\\/\\\/krissaintange.com\\\/news\\\/#organization\"},\"image\":{\"@id\":\"https:\\\/\\\/krissaintange.com\\\/news\\\/la-tempete-fait-de-larbre-un-geant-ralph-waldo-emerson\\\/#primaryimage\"},\"thumbnailUrl\":\"https:\\\/\\\/krissaintange.com\\\/news\\\/wp-content\\\/uploads\\\/sites\\\/4\\\/2024\\\/04\\\/foret.jpg\",\"articleSection\":[\"Coaching\",\"Vie priv\u00e9e\"],\"inLanguage\":\"fr-FR\",\"potentialAction\":[{\"@type\":\"CommentAction\",\"name\":\"Comment\",\"target\":[\"https:\\\/\\\/krissaintange.com\\\/news\\\/la-tempete-fait-de-larbre-un-geant-ralph-waldo-emerson\\\/#respond\"]}]},{\"@type\":\"WebPage\",\"@id\":\"https:\\\/\\\/krissaintange.com\\\/news\\\/la-tempete-fait-de-larbre-un-geant-ralph-waldo-emerson\\\/\",\"url\":\"https:\\\/\\\/krissaintange.com\\\/news\\\/la-tempete-fait-de-larbre-un-geant-ralph-waldo-emerson\\\/\",\"name\":\"La temp\u00eate fait de l'arbre un g\u00e9ant !-Ralph Waldo Emerson - Kris Saint Ange news\",\"isPartOf\":{\"@id\":\"https:\\\/\\\/krissaintange.com\\\/news\\\/#website\"},\"primaryImageOfPage\":{\"@id\":\"https:\\\/\\\/krissaintange.com\\\/news\\\/la-tempete-fait-de-larbre-un-geant-ralph-waldo-emerson\\\/#primaryimage\"},\"image\":{\"@id\":\"https:\\\/\\\/krissaintange.com\\\/news\\\/la-tempete-fait-de-larbre-un-geant-ralph-waldo-emerson\\\/#primaryimage\"},\"thumbnailUrl\":\"https:\\\/\\\/krissaintange.com\\\/news\\\/wp-content\\\/uploads\\\/sites\\\/4\\\/2024\\\/04\\\/foret.jpg\",\"datePublished\":\"2023-01-20T13:14:00+00:00\",\"dateModified\":\"2024-06-05T12:30:34+00:00\",\"description\":\"Les grandes temp\u00eates de la vie fa\u00e7onnent nos perspectives et d\u00e9fis, invitant \u00e0 la r\u00e9silience et \u00e0 la renaissance apr\u00e8s des \u00e9preuves.\",\"breadcrumb\":{\"@id\":\"https:\\\/\\\/krissaintange.com\\\/news\\\/la-tempete-fait-de-larbre-un-geant-ralph-waldo-emerson\\\/#breadcrumb\"},\"inLanguage\":\"fr-FR\",\"potentialAction\":[{\"@type\":\"ReadAction\",\"target\":[\"https:\\\/\\\/krissaintange.com\\\/news\\\/la-tempete-fait-de-larbre-un-geant-ralph-waldo-emerson\\\/\"]}]},{\"@type\":\"ImageObject\",\"inLanguage\":\"fr-FR\",\"@id\":\"https:\\\/\\\/krissaintange.com\\\/news\\\/la-tempete-fait-de-larbre-un-geant-ralph-waldo-emerson\\\/#primaryimage\",\"url\":\"https:\\\/\\\/krissaintange.com\\\/news\\\/wp-content\\\/uploads\\\/sites\\\/4\\\/2024\\\/04\\\/foret.jpg\",\"contentUrl\":\"https:\\\/\\\/krissaintange.com\\\/news\\\/wp-content\\\/uploads\\\/sites\\\/4\\\/2024\\\/04\\\/foret.jpg\",\"width\":700,\"height\":525,\"caption\":\"Deux personnes marchant ensemble dans un chemin enneig\u00e9 et brumeux entre des conif\u00e8res, symbolisant le parcours \u00e0 travers les d\u00e9fis de la vie.\"},{\"@type\":\"BreadcrumbList\",\"@id\":\"https:\\\/\\\/krissaintange.com\\\/news\\\/la-tempete-fait-de-larbre-un-geant-ralph-waldo-emerson\\\/#breadcrumb\",\"itemListElement\":[{\"@type\":\"ListItem\",\"position\":1,\"name\":\"Accueil\",\"item\":\"https:\\\/\\\/krissaintange.com\\\/news\\\/\"},{\"@type\":\"ListItem\",\"position\":2,\"name\":\"La temp\u00eate fait de l&rsquo;arbre un g\u00e9ant !-Ralph Waldo Emerson\"}]},{\"@type\":\"WebSite\",\"@id\":\"https:\\\/\\\/krissaintange.com\\\/news\\\/#website\",\"url\":\"https:\\\/\\\/krissaintange.com\\\/news\\\/\",\"name\":\"Kris Saint Ange news\",\"description\":\"Pens\u00e9es Pr\u00e9cieuses pour un Avenir Lumineux.\",\"publisher\":{\"@id\":\"https:\\\/\\\/krissaintange.com\\\/news\\\/#organization\"},\"potentialAction\":[{\"@type\":\"SearchAction\",\"target\":{\"@type\":\"EntryPoint\",\"urlTemplate\":\"https:\\\/\\\/krissaintange.com\\\/news\\\/?s={search_term_string}\"},\"query-input\":{\"@type\":\"PropertyValueSpecification\",\"valueRequired\":true,\"valueName\":\"search_term_string\"}}],\"inLanguage\":\"fr-FR\"},{\"@type\":\"Organization\",\"@id\":\"https:\\\/\\\/krissaintange.com\\\/news\\\/#organization\",\"name\":\"Kris Saint Ange news\",\"url\":\"https:\\\/\\\/krissaintange.com\\\/news\\\/\",\"logo\":{\"@type\":\"ImageObject\",\"inLanguage\":\"fr-FR\",\"@id\":\"https:\\\/\\\/krissaintange.com\\\/news\\\/#\\\/schema\\\/logo\\\/image\\\/\",\"url\":\"https:\\\/\\\/krissaintange.com\\\/news\\\/wp-content\\\/uploads\\\/sites\\\/4\\\/2024\\\/04\\\/logo-blanc-fond-noir-NEWS.png\",\"contentUrl\":\"https:\\\/\\\/krissaintange.com\\\/news\\\/wp-content\\\/uploads\\\/sites\\\/4\\\/2024\\\/04\\\/logo-blanc-fond-noir-NEWS.png\",\"width\":500,\"height\":500,\"caption\":\"Kris Saint Ange news\"},\"image\":{\"@id\":\"https:\\\/\\\/krissaintange.com\\\/news\\\/#\\\/schema\\\/logo\\\/image\\\/\"},\"sameAs\":[\"https:\\\/\\\/www.facebook.com\\\/krissaintange\\\/\",\"https:\\\/\\\/x.com\\\/KrisSaintAnge\",\"https:\\\/\\\/www.instagram.com\\\/krissaintange\\\/\",\"https:\\\/\\\/www.linkedin.com\\\/in\\\/krissaintange\\\/\"]},{\"@type\":\"Person\",\"@id\":\"https:\\\/\\\/krissaintange.com\\\/news\\\/#\\\/schema\\\/person\\\/954f2d46b073ab6ee642d82051890b5e\",\"name\":\"KRIS SAINT ANGE\",\"pronouns\":\"elle\",\"image\":{\"@type\":\"ImageObject\",\"inLanguage\":\"fr-FR\",\"@id\":\"https:\\\/\\\/krissaintange.com\\\/news\\\/wp-content\\\/litespeed\\\/avatar\\\/4\\\/fbaf888568e0f9acb2bd88c54aefd249.jpg?ver=1777492088\",\"url\":\"https:\\\/\\\/krissaintange.com\\\/news\\\/wp-content\\\/litespeed\\\/avatar\\\/4\\\/fbaf888568e0f9acb2bd88c54aefd249.jpg?ver=1777492088\",\"contentUrl\":\"https:\\\/\\\/krissaintange.com\\\/news\\\/wp-content\\\/litespeed\\\/avatar\\\/4\\\/fbaf888568e0f9acb2bd88c54aefd249.jpg?ver=1777492088\",\"caption\":\"KRIS SAINT ANGE\"},\"description\":\"M\u00e9dium de naissance, Kris Saint Ange puise sa m\u00e9thodologie dans une dualit\u00e9 assum\u00e9e : la pens\u00e9e rationnelle et les outils du leadership contemporain, alli\u00e9s \u00e0 la capacit\u00e9 de lire les flux invisibles qui traversent les individus et les syst\u00e8mes. Depuis plus de 15 ans, elle accompagne dirigeants, diplomates, institutions et particuliers pour d\u00e9crypter les tensions, anticiper les crises et faire na\u00eetre des d\u00e9cisions align\u00e9es, tactiques et profond\u00e9ment humaines.\",\"sameAs\":[\"https:\\\/\\\/krissaintange.com\",\"https:\\\/\\\/www.facebook.com\\\/krissaintange\\\/\",\"https:\\\/\\\/www.instagram.com\\\/krissaintange\\\/\",\"https:\\\/\\\/www.linkedin.com\\\/in\\\/krissaintange\\\/\",\"https:\\\/\\\/fr.pinterest.com\\\/krissaintange\\\/\",\"https:\\\/\\\/x.com\\\/KrisSaintAnge\",\"https:\\\/\\\/www.youtube.com\\\/@KrisSaintAnge\"],\"url\":\"https:\\\/\\\/krissaintange.com\\\/news\\\/author\\\/krissaintange\\\/\"}]}<\/script>\n<!-- \/ Yoast SEO plugin. -->","yoast_head_json":{"title":"La temp\u00eate fait de l'arbre un g\u00e9ant !-Ralph Waldo Emerson - Kris Saint Ange news","description":"Les grandes temp\u00eates de la vie fa\u00e7onnent nos perspectives et d\u00e9fis, invitant \u00e0 la r\u00e9silience et \u00e0 la renaissance apr\u00e8s des \u00e9preuves.","robots":{"index":"index","follow":"follow","max-snippet":"max-snippet:-1","max-image-preview":"max-image-preview:large","max-video-preview":"max-video-preview:-1"},"canonical":"https:\/\/krissaintange.com\/news\/la-tempete-fait-de-larbre-un-geant-ralph-waldo-emerson\/","og_locale":"fr_FR","og_type":"article","og_title":"La temp\u00eate fait de l'arbre un g\u00e9ant !-Ralph Waldo Emerson - Kris Saint Ange news","og_description":"Les grandes temp\u00eates de la vie fa\u00e7onnent nos perspectives et d\u00e9fis, invitant \u00e0 la r\u00e9silience et \u00e0 la renaissance apr\u00e8s des \u00e9preuves.","og_url":"https:\/\/krissaintange.com\/news\/la-tempete-fait-de-larbre-un-geant-ralph-waldo-emerson\/","og_site_name":"Kris Saint Ange news","article_publisher":"https:\/\/www.facebook.com\/krissaintange\/","article_author":"https:\/\/www.facebook.com\/krissaintange\/","article_published_time":"2023-01-20T13:14:00+00:00","article_modified_time":"2024-06-05T12:30:34+00:00","og_image":[{"width":700,"height":525,"url":"https:\/\/krissaintange.com\/news\/wp-content\/uploads\/sites\/4\/2024\/04\/foret.jpg","type":"image\/jpeg"}],"author":"KRIS SAINT ANGE","twitter_card":"summary_large_image","twitter_creator":"@KrisSaintAnge","twitter_site":"@KrisSaintAnge","twitter_misc":{"\u00c9crit par":"KRIS SAINT ANGE","Dur\u00e9e de lecture estim\u00e9e":"3 minutes"},"schema":{"@context":"https:\/\/schema.org","@graph":[{"@type":"Article","@id":"https:\/\/krissaintange.com\/news\/la-tempete-fait-de-larbre-un-geant-ralph-waldo-emerson\/#article","isPartOf":{"@id":"https:\/\/krissaintange.com\/news\/la-tempete-fait-de-larbre-un-geant-ralph-waldo-emerson\/"},"author":{"name":"KRIS SAINT ANGE","@id":"https:\/\/krissaintange.com\/news\/#\/schema\/person\/954f2d46b073ab6ee642d82051890b5e"},"headline":"La temp\u00eate fait de l&rsquo;arbre un g\u00e9ant !-Ralph Waldo Emerson","datePublished":"2023-01-20T13:14:00+00:00","dateModified":"2024-06-05T12:30:34+00:00","mainEntityOfPage":{"@id":"https:\/\/krissaintange.com\/news\/la-tempete-fait-de-larbre-un-geant-ralph-waldo-emerson\/"},"wordCount":535,"commentCount":0,"publisher":{"@id":"https:\/\/krissaintange.com\/news\/#organization"},"image":{"@id":"https:\/\/krissaintange.com\/news\/la-tempete-fait-de-larbre-un-geant-ralph-waldo-emerson\/#primaryimage"},"thumbnailUrl":"https:\/\/krissaintange.com\/news\/wp-content\/uploads\/sites\/4\/2024\/04\/foret.jpg","articleSection":["Coaching","Vie priv\u00e9e"],"inLanguage":"fr-FR","potentialAction":[{"@type":"CommentAction","name":"Comment","target":["https:\/\/krissaintange.com\/news\/la-tempete-fait-de-larbre-un-geant-ralph-waldo-emerson\/#respond"]}]},{"@type":"WebPage","@id":"https:\/\/krissaintange.com\/news\/la-tempete-fait-de-larbre-un-geant-ralph-waldo-emerson\/","url":"https:\/\/krissaintange.com\/news\/la-tempete-fait-de-larbre-un-geant-ralph-waldo-emerson\/","name":"La temp\u00eate fait de l'arbre un g\u00e9ant !-Ralph Waldo Emerson - Kris Saint Ange news","isPartOf":{"@id":"https:\/\/krissaintange.com\/news\/#website"},"primaryImageOfPage":{"@id":"https:\/\/krissaintange.com\/news\/la-tempete-fait-de-larbre-un-geant-ralph-waldo-emerson\/#primaryimage"},"image":{"@id":"https:\/\/krissaintange.com\/news\/la-tempete-fait-de-larbre-un-geant-ralph-waldo-emerson\/#primaryimage"},"thumbnailUrl":"https:\/\/krissaintange.com\/news\/wp-content\/uploads\/sites\/4\/2024\/04\/foret.jpg","datePublished":"2023-01-20T13:14:00+00:00","dateModified":"2024-06-05T12:30:34+00:00","description":"Les grandes temp\u00eates de la vie fa\u00e7onnent nos perspectives et d\u00e9fis, invitant \u00e0 la r\u00e9silience et \u00e0 la renaissance apr\u00e8s des \u00e9preuves.","breadcrumb":{"@id":"https:\/\/krissaintange.com\/news\/la-tempete-fait-de-larbre-un-geant-ralph-waldo-emerson\/#breadcrumb"},"inLanguage":"fr-FR","potentialAction":[{"@type":"ReadAction","target":["https:\/\/krissaintange.com\/news\/la-tempete-fait-de-larbre-un-geant-ralph-waldo-emerson\/"]}]},{"@type":"ImageObject","inLanguage":"fr-FR","@id":"https:\/\/krissaintange.com\/news\/la-tempete-fait-de-larbre-un-geant-ralph-waldo-emerson\/#primaryimage","url":"https:\/\/krissaintange.com\/news\/wp-content\/uploads\/sites\/4\/2024\/04\/foret.jpg","contentUrl":"https:\/\/krissaintange.com\/news\/wp-content\/uploads\/sites\/4\/2024\/04\/foret.jpg","width":700,"height":525,"caption":"Deux personnes marchant ensemble dans un chemin enneig\u00e9 et brumeux entre des conif\u00e8res, symbolisant le parcours \u00e0 travers les d\u00e9fis de la vie."},{"@type":"BreadcrumbList","@id":"https:\/\/krissaintange.com\/news\/la-tempete-fait-de-larbre-un-geant-ralph-waldo-emerson\/#breadcrumb","itemListElement":[{"@type":"ListItem","position":1,"name":"Accueil","item":"https:\/\/krissaintange.com\/news\/"},{"@type":"ListItem","position":2,"name":"La temp\u00eate fait de l&rsquo;arbre un g\u00e9ant !-Ralph Waldo Emerson"}]},{"@type":"WebSite","@id":"https:\/\/krissaintange.com\/news\/#website","url":"https:\/\/krissaintange.com\/news\/","name":"Kris Saint Ange news","description":"Pens\u00e9es Pr\u00e9cieuses pour un Avenir Lumineux.","publisher":{"@id":"https:\/\/krissaintange.com\/news\/#organization"},"potentialAction":[{"@type":"SearchAction","target":{"@type":"EntryPoint","urlTemplate":"https:\/\/krissaintange.com\/news\/?s={search_term_string}"},"query-input":{"@type":"PropertyValueSpecification","valueRequired":true,"valueName":"search_term_string"}}],"inLanguage":"fr-FR"},{"@type":"Organization","@id":"https:\/\/krissaintange.com\/news\/#organization","name":"Kris Saint Ange news","url":"https:\/\/krissaintange.com\/news\/","logo":{"@type":"ImageObject","inLanguage":"fr-FR","@id":"https:\/\/krissaintange.com\/news\/#\/schema\/logo\/image\/","url":"https:\/\/krissaintange.com\/news\/wp-content\/uploads\/sites\/4\/2024\/04\/logo-blanc-fond-noir-NEWS.png","contentUrl":"https:\/\/krissaintange.com\/news\/wp-content\/uploads\/sites\/4\/2024\/04\/logo-blanc-fond-noir-NEWS.png","width":500,"height":500,"caption":"Kris Saint Ange news"},"image":{"@id":"https:\/\/krissaintange.com\/news\/#\/schema\/logo\/image\/"},"sameAs":["https:\/\/www.facebook.com\/krissaintange\/","https:\/\/x.com\/KrisSaintAnge","https:\/\/www.instagram.com\/krissaintange\/","https:\/\/www.linkedin.com\/in\/krissaintange\/"]},{"@type":"Person","@id":"https:\/\/krissaintange.com\/news\/#\/schema\/person\/954f2d46b073ab6ee642d82051890b5e","name":"KRIS SAINT ANGE","pronouns":"elle","image":{"@type":"ImageObject","inLanguage":"fr-FR","@id":"https:\/\/krissaintange.com\/news\/wp-content\/litespeed\/avatar\/4\/fbaf888568e0f9acb2bd88c54aefd249.jpg?ver=1777492088","url":"https:\/\/krissaintange.com\/news\/wp-content\/litespeed\/avatar\/4\/fbaf888568e0f9acb2bd88c54aefd249.jpg?ver=1777492088","contentUrl":"https:\/\/krissaintange.com\/news\/wp-content\/litespeed\/avatar\/4\/fbaf888568e0f9acb2bd88c54aefd249.jpg?ver=1777492088","caption":"KRIS SAINT ANGE"},"description":"M\u00e9dium de naissance, Kris Saint Ange puise sa m\u00e9thodologie dans une dualit\u00e9 assum\u00e9e : la pens\u00e9e rationnelle et les outils du leadership contemporain, alli\u00e9s \u00e0 la capacit\u00e9 de lire les flux invisibles qui traversent les individus et les syst\u00e8mes. Depuis plus de 15 ans, elle accompagne dirigeants, diplomates, institutions et particuliers pour d\u00e9crypter les tensions, anticiper les crises et faire na\u00eetre des d\u00e9cisions align\u00e9es, tactiques et profond\u00e9ment humaines.","sameAs":["https:\/\/krissaintange.com","https:\/\/www.facebook.com\/krissaintange\/","https:\/\/www.instagram.com\/krissaintange\/","https:\/\/www.linkedin.com\/in\/krissaintange\/","https:\/\/fr.pinterest.com\/krissaintange\/","https:\/\/x.com\/KrisSaintAnge","https:\/\/www.youtube.com\/@KrisSaintAnge"],"url":"https:\/\/krissaintange.com\/news\/author\/krissaintange\/"}]}},"_links":{"self":[{"href":"https:\/\/krissaintange.com\/news\/wp-json\/wp\/v2\/posts\/2879","targetHints":{"allow":["GET"]}}],"collection":[{"href":"https:\/\/krissaintange.com\/news\/wp-json\/wp\/v2\/posts"}],"about":[{"href":"https:\/\/krissaintange.com\/news\/wp-json\/wp\/v2\/types\/post"}],"author":[{"embeddable":true,"href":"https:\/\/krissaintange.com\/news\/wp-json\/wp\/v2\/users\/2"}],"replies":[{"embeddable":true,"href":"https:\/\/krissaintange.com\/news\/wp-json\/wp\/v2\/comments?post=2879"}],"version-history":[{"count":0,"href":"https:\/\/krissaintange.com\/news\/wp-json\/wp\/v2\/posts\/2879\/revisions"}],"wp:featuredmedia":[{"embeddable":true,"href":"https:\/\/krissaintange.com\/news\/wp-json\/wp\/v2\/media\/2880"}],"wp:attachment":[{"href":"https:\/\/krissaintange.com\/news\/wp-json\/wp\/v2\/media?parent=2879"}],"wp:term":[{"taxonomy":"category","embeddable":true,"href":"https:\/\/krissaintange.com\/news\/wp-json\/wp\/v2\/categories?post=2879"},{"taxonomy":"post_tag","embeddable":true,"href":"https:\/\/krissaintange.com\/news\/wp-json\/wp\/v2\/tags?post=2879"}],"curies":[{"name":"wp","href":"https:\/\/api.w.org\/{rel}","templated":true}]}}