{"id":3069,"date":"2021-03-18T01:00:00","date_gmt":"2021-03-18T00:00:00","guid":{"rendered":"https:\/\/krissaintange.com\/news\/?p=3069"},"modified":"2024-06-06T10:32:37","modified_gmt":"2024-06-06T08:32:37","slug":"acteur-daujourdhuiengage-pour-demain-2","status":"publish","type":"post","link":"https:\/\/krissaintange.com\/news\/acteur-daujourdhuiengage-pour-demain-2\/","title":{"rendered":"Acteur d&rsquo;aujourd&rsquo;hui, Engag\u00e9 pour demain !"},"content":{"rendered":"\n<blockquote class=\"wp-block-quote is-layout-flow wp-block-quote-is-layout-flow\">\n<p><em>Immense honneur de recueillir pour vous les confidences de mon ami Michel Berreur, Acteur, Cascadeur et adepte des Arts Martiaux.<\/em><\/p>\n\n\n\n<p><em>Vous l&rsquo;avez d\u00e9couvert aupr\u00e8s d&rsquo;Alain Delon, de Jean-Paul Belmondo ou de Roger Moore.<\/em><\/p>\n\n\n\n<p><em>Retour sur une carri\u00e8re d&rsquo;exception, conseils pour ceux d\u00e9sireux d&rsquo;\u00e9voluer et regard sur l&rsquo;avenir.<\/em><\/p>\n<\/blockquote>\n\n\n\n<figure class=\"wp-block-image aligncenter size-full\"><img decoding=\"async\" width=\"150\" height=\"150\" src=\"https:\/\/krissaintange.com\/news\/wp-content\/uploads\/sites\/4\/2024\/05\/563176_117747.webp\" alt=\"Portrait en noir et blanc de Michel Berreur, un acteur et cascadeur reconnu, \u00e9galement adepte des arts martiaux, posant en kimono blanc avec un regard confiant vers la cam\u00e9ra.\" class=\"wp-image-3071\"\/><\/figure>\n\n\n\n<h2 class=\"wp-block-heading\"><em><strong>Quelle est ta perception du monde d\u2019aujourd\u2019hui ?<\/strong><\/em><\/h2>\n\n\n\n<p>Ce monde d\u2019aujourd\u2019hui, je le quitterai sans regrets. Je ne me retrouve pas dans cette \u00e9poque d\u00e9structur\u00e9e \u00e0 tous les niveaux, ou le respect et la solidarit\u00e9 font cruellement d\u00e9faut. Je pense s\u00e9rieusement \u00e0 m\u2019expatrier &#8230;<\/p>\n\n\n\n<p>Ne pensez pas que je sois n\u00e9gatif pour autant, je pense qu&rsquo;on nous pousse \u00e0 le devenir ! Malgr\u00e9 tout, je sais que lorsque chaque \u00eatre se sent en d\u00e9calage avec l&rsquo;\u00e9nergie l\u00e0 o\u00f9 il vit, il lui faut acc\u00e9l\u00e9rer le changement pour un mieux-\u00eatre.<\/p>\n\n\n\n<p>Je crois qu&rsquo;on peut vivre des ann\u00e9es dans un pays, y trouver des amis, un \u00e9quilibre et puis, un jour, les param\u00e8tres changent et il faut s&rsquo;engager pour un ailleurs autrement.<\/p>\n\n\n\n<p>La vie est un film, nous demeurons acteurs pour ne jamais la subir. Il nous faut veiller \u00e0 l&#8217;embellir, quelles que soient les cons\u00e9quences de ce cheminement.<\/p>\n\n\n\n<blockquote class=\"wp-block-quote is-layout-flow wp-block-quote-is-layout-flow\">\n<p class=\"has-text-align-center has-medium-font-size\"><strong><em>&#8211; Travailler chaque jour \u00e0 r\u00e9enchanter sa vie,<\/em><\/strong><\/p>\n\n\n\n<p class=\"has-text-align-center has-medium-font-size\"><strong><em>plus qu&rsquo;une option, c&rsquo;est un devoir d&rsquo;Homme<\/em><\/strong><\/p>\n<\/blockquote>\n\n\n\n<h2 class=\"wp-block-heading\"><em><strong>Comment ton m\u00e9tier d\u2019acteur te permet de prendre du recul et d\u2019avoir une autre vision ?<\/strong><\/em><\/h2>\n\n\n\n<p>Ce m\u00e9tier d\u2019acteur est tr\u00e8s difficile, contrairement \u00e0 ce que beaucoup pensent. Plusieurs facteurs peuvent expliquer une r\u00e9ussite, mais la v\u00e9ritable cl\u00e9, c&rsquo;est avant tout d&rsquo;avoir beaucoup de chance. Ensuite, apprendre la patience, car il faut parfois attendre longtemps entre deux films et ce n\u2019est pas toujours \u00e9vident de faire face \u00e0 des impond\u00e9rables mat\u00e9riels. Exception faite pour les stars dont les contrats sont tr\u00e8s bien r\u00e9mun\u00e9r\u00e9s !<\/p>\n\n\n\n<p>Au-del\u00e0 de cela, mon m\u00e9tier m&rsquo;a appris ce pouvoir de distanciation, celui que tu apprends \u00e9galement \u00e0 tes consultants, Kris. C&rsquo;est un outil formidable, qui n&rsquo;a rien \u00e0 voir avec la distanciation sociale que nous subissons depuis plus d&rsquo;un an&#8230;<\/p>\n\n\n\n<p>Cette approche qu&rsquo;on apprend dans le domaine du th\u00e9\u00e2tre, nous permet de regarder la sc\u00e8ne avec un regard d\u00e9tach\u00e9 pour analyser notre propre r\u00f4le, la situation. C&rsquo;est une fa\u00e7on de rentrer dans le jeu, tout en gardant un certain recul, de mani\u00e8re \u00e0 ne pas \u00eatre impact\u00e9 par l&rsquo;\u00e9nergie d\u00e9gag\u00e9e par chacun.<\/p>\n\n\n\n<p>Le spectateur seul, doit ressentir l&rsquo;\u00e9motion et notre \u00e9tat nous am\u00e8ne \u00e0 sortir tr\u00e8s vite de cette phase d&rsquo;interpr\u00e9tation, pour revenir \u00e0 la r\u00e9alit\u00e9. Endosser un r\u00f4le, c&rsquo;est s&rsquo;approprier v\u00e9ritablement la peau de son personnage et savoir en sortir le moment venu. Apprendre \u00e0 se d\u00e9tacher de certains sc\u00e9narios peut prendre du temps parfois, comme dans la vie lorsqu&rsquo;une sc\u00e8ne vient r\u00e9activer des blessures pass\u00e9es ou des \u00e9preuves d\u00e9j\u00e0 v\u00e9cues. Cette intensit\u00e9 me parait toujours \u00eatre difficilement mesurable avant la fin du tournage &#8230;<\/p>\n\n\n\n<blockquote class=\"wp-block-quote is-layout-flow wp-block-quote-is-layout-flow\">\n<p class=\"has-text-align-center has-medium-font-size\"><em><strong>&#8211; Le vrai pouvoir de distanciation comme<\/strong><\/em><\/p>\n\n\n\n<p class=\"has-text-align-center has-medium-font-size\"><em><strong>outil de d\u00e9tachement pour faire face aux \u00e9v\u00e8nements<\/strong><\/em><\/p>\n<\/blockquote>\n\n\n\n<figure class=\"wp-block-embed is-type-video is-provider-youtube wp-block-embed-youtube wp-embed-aspect-16-9 wp-has-aspect-ratio\"><div class=\"wp-block-embed__wrapper\">\n<iframe title=\"Moonraker (3\/10) Movie CLIP - Gondola Chase (1979) HD\" width=\"800\" height=\"450\" src=\"https:\/\/www.youtube.com\/embed\/cUX2Mj4SN7o?feature=oembed\" frameborder=\"0\" allow=\"accelerometer; autoplay; clipboard-write; encrypted-media; gyroscope; picture-in-picture; web-share\" referrerpolicy=\"strict-origin-when-cross-origin\" allowfullscreen><\/iframe>\n<\/div><\/figure>\n\n\n\n<h2 class=\"wp-block-heading\"><strong><em>\u00catre cascadeur, c\u2019est anticiper le danger, les mauvaises r\u00e9ceptions ? Comment g\u00e9rais-tu ce processus ?                                                                                                                                                                                    Y allais-tu sans peur ou toujours avec diff\u00e9rentes options en t\u00eate ?<\/em><\/strong><\/h2>\n\n\n\n<p>Le m\u00e9tier de cascadeur a beaucoup \u00e9volu\u00e9, mais je pr\u00e9f\u00e9rais ce qu\u2019il \u00e9tait avant. Pour les cascades difficiles, il est normal d\u2019avoir peur. Cela prouve au moins qu&rsquo;on conscientise le danger !<\/p>\n\n\n\n<p>Un excellent cascadeur prendra moins de risques pour un m\u00eame r\u00e9sultat. La peur ne doit jamais nous paralyser : elle ne peut qu&rsquo;\u00eatre un moteur, car ce n\u2019est pas un m\u00e9tier de casse-cou. Le travail est \u00e0 la fois individuel, \u00e9galement dans la relation \u00e0 l&rsquo;autre. Nous nous positionnons toujours en qu\u00eate du geste parfait. Force, technicit\u00e9, pr\u00e9cision et vitesse sont de mise pour des mouvements r\u00e9p\u00e9t\u00e9s des milliers de fois.<\/p>\n\n\n\n<p>En cela ma formation d\u2019Arts Martiaux m\u2019a \u00e9t\u00e9 tr\u00e8s utile. Elle m&rsquo;a permis de modifier fondamentalement ma perception de l&rsquo;adversaire, d&rsquo;appr\u00e9hender le combat autrement, donner un sens \u00e0 la lutte, \u00e9tablir des strat\u00e9gies parfaites pour r\u00e9aliser les chutes et les sauts. A force de concentration, on parvient \u00e0 transformer son temp\u00e9rament, et par cons\u00e9quent, notre nature de base. On devient serein et plus r\u00e9actif aussi ! On gagne en estime de soi et plus s\u00fbr, nos \u00e9motions s&rsquo;apaisent naturellement pour ne plus gouverner nos vies.<\/p>\n\n\n\n<p>Aujourd&rsquo;hui plus qu&rsquo;hier, face \u00e0 la recrudescence de violence, il faut trouver un exutoire. L&rsquo;agressivit\u00e9, l&rsquo;intimidation ne sont jamais des moyens, encore moins une preuve d&rsquo;affirmation de soi. Eliminer ces \u00e9nergies int\u00e9rieures en travaillant sur soi, sur son souffle, \u00e0 la perfection du geste accompli : ce processus est lib\u00e9rateur. On ne cherche \u00e0 vaincre l&rsquo;autre, mais, on vise \u00e0 s&rsquo;\u00e9lever dans le respect de l&rsquo;autre, c&rsquo;est pourquoi on commence d\u00e9j\u00e0 par un simple geste de salut.<\/p>\n\n\n\n<blockquote class=\"wp-block-quote is-layout-flow wp-block-quote-is-layout-flow\">\n<p class=\"has-text-align-center has-medium-font-size\"><strong><em>&#8211; Les Arts Martiaux pour garder le contr\u00f4le et canaliser ses \u00e9motions&#8230;<\/em><\/strong><\/p>\n<\/blockquote>\n\n\n\n<h2 class=\"wp-block-heading\"><em><strong>Quels seraient les conseils que tu aimerais formuler \u00e0 la jeune g\u00e9n\u00e9ration qui veut s\u2019engager dans cette voie ?<\/strong><\/em><\/h2>\n\n\n\n<p>Ce m\u00e9tier de cascadeur a \u00e9t\u00e9 cr\u00e9\u00e9 pour doubler les com\u00e9diens ! Il fallait pour cela disposer de qualit\u00e9s physiques au-dessus de la moyenne et savoir prendre et g\u00e9rer les risques.<\/p>\n\n\n\n<p>Parmi les crit\u00e9res tr\u00e8s importants, certaines qualit\u00e9s physiques ressortent comme primordiales : la taille notamment. Si vous mesurez plus de 1m85 ou moins de 1m70, vous n\u2019aurez pas grand monde \u00e0 doubler. Puis, il faut avoir une discipline sportive bien ma\u00eetris\u00e9e, qui puisse \u00eatre utile au cin\u00e9ma : arts martiaux &#8211; pour les chutes et bagarres &#8211; \u00e9quitation, comme Mario Luraschi ou R\u00e9my Julienne sp\u00e9cialiste, auto-moto, gymnastique et acrobaties. Enfin, l&rsquo;interpr\u00e9tation s&rsquo;acquiert par des cours d\u2019arts dramatiques qui compl\u00e8tent notre formation initiale. En r\u00e9alit\u00e9, peu de gens le savent, en France, seule une vingtaine de Cascadeurs vivent r\u00e9ellement de ce m\u00e9tier&#8230;<\/p>\n\n\n\n<p>Comme pour toute personne \u00e0 la recherche d&rsquo;un emploi, je serais tent\u00e9 de dire : disposez d&rsquo;une bonne culture g\u00e9n\u00e9rale, ensuite, soyez de bons experts dans un domaine rare car, c&rsquo;est cette qualit\u00e9 qui fera votre diff\u00e9rence et votre force.<\/p>\n\n\n\n<figure class=\"wp-block-embed is-type-video is-provider-youtube wp-block-embed-youtube wp-embed-aspect-16-9 wp-has-aspect-ratio\"><div class=\"wp-block-embed__wrapper\">\n<iframe title=\"Le Marginal (1983) Troisi\u00e8me partie\" width=\"800\" height=\"450\" src=\"https:\/\/www.youtube.com\/embed\/ZkMiIdVZpyw?start=188&#038;feature=oembed\" frameborder=\"0\" allow=\"accelerometer; autoplay; clipboard-write; encrypted-media; gyroscope; picture-in-picture; web-share\" referrerpolicy=\"strict-origin-when-cross-origin\" allowfullscreen><\/iframe>\n<\/div><\/figure>\n\n\n\n<blockquote class=\"wp-block-quote is-layout-flow wp-block-quote-is-layout-flow\">\n<p class=\"has-text-align-center has-medium-font-size\"><strong><em>-La raret\u00e9 des talents devient votre valeur<\/em><\/strong><\/p>\n<\/blockquote>\n\n\n\n<h2 class=\"wp-block-heading\"><em><strong>Pour toi, quel est le r\u00f4le de l\u2019intuition dans le m\u00e9tier d\u2019acteur ?<\/strong><\/em><\/h2>\n\n\n\n<p>Je ne sais pas si je parlerais d&rsquo;intuition, mais plut\u00f4t d&rsquo;un travail pr\u00e9paratoire de visualisation pour anticiper une \u00e9ventuelle mauvaise r\u00e9ception. Tout se d\u00e9finit dans le mental en premier lieu : on revit des centaines de fois la sc\u00e8ne dans sa t\u00eate, avec toutes les options possibles. On m\u00e9morise les param\u00e8tres de bascule, les contraintes et les co\u00e9quipiers.<\/p>\n\n\n\n<p>L&rsquo;instinct, pr\u00e9sent comme un filet de s\u00e9curit\u00e9, survient dans l&rsquo;instant, sur les lieux du tournage. Il m&rsquo;a \u00e9vit\u00e9 de mauvaises postures, permis de redresser certaines situations, aussi de s\u00e9curiser mes partenaires.<\/p>\n\n\n\n<p>Une fonction seule ne suffit pas en soi. Comme dans la vie, c&rsquo;est ce melting-pot de m\u00e9thodes et un travail acharn\u00e9 qui r\u00e9v\u00e8lent la perfection et la beaut\u00e9 du geste.<\/p>\n\n\n\n<p><em><strong>Quel regard portes-tu sur le monde du cin\u00e9ma d\u2019hier ?<\/strong><\/em><\/p>\n\n\n\n<h2 class=\"wp-block-heading\"><em><strong>Comment le vois-tu \u00e9voluer ? Sens-tu d\u00e9j\u00e0 les attentes des spectateurs ?<\/strong><\/em><\/h2>\n\n\n\n<p><\/p>\n\n\n\n<blockquote class=\"wp-block-quote is-layout-flow wp-block-quote-is-layout-flow\">\n<p class=\"has-text-align-center has-medium-font-size\"><strong><em>&#8211; Le cin\u00e9ma de demain devra se cr\u00e9er une nouvelle signature :<\/em><\/strong><\/p>\n\n\n\n<p class=\"has-text-align-center has-medium-font-size\"><strong><em>plus \u00e9thique, inventif et pr\u00e9cieux.<\/em><\/strong><\/p>\n<\/blockquote>\n\n\n\n<h2 class=\"wp-block-heading\"><em><strong>Qu\u2019as-tu envie de transmettre aux g\u00e9n\u00e9rations futures ?<\/strong><\/em><\/h2>\n\n\n\n<p>Que transmettre aux futures g\u00e9n\u00e9rations, si ce n\u2019est le patrimoine culturel que nous laisserons.<\/p>\n\n\n\n<p>Avec l\u2019\u00e9l\u00e9gance, le respect et l\u2019\u00e9ducation. M\u00eame s\u2019il a eu quelques exceptions &#8230;<\/p>\n\n\n\n<p>L&rsquo;intelligence de la bonne conduite dans la vie, de la rigueur, revenir aux fondamentaux, tout en allant de l&rsquo;avant vers une forme de sagesse rationnelle, en phase avec les \u00e9volutions que nous vivons.<\/p>\n\n\n\n<p>Reconnaitre avec courage, notre vuln\u00e9rabilit\u00e9, notre fragilit\u00e9 face \u00e0 ce monde en perp\u00e9tuel changement ; accepter de ne pas tout savoir, car sans la prise de conscience de nos propres limites, aucune \u00e9volution ne peut se construire durablement.<\/p>\n\n\n\n<p>Trouver l&rsquo;\u00e9quilibre en soi, c&rsquo;est barrer \u00e0 la route \u00e0 toute forme de conflit int\u00e9rieur ou ext\u00e9rieur, c&rsquo;est se d\u00e9connecter de nos souffrances, pour se relier avec justesse \u00e0 la vie sacr\u00e9e, celle que nous portons et transmettons comme une \u00e9tincelle.<\/p>\n\n\n\n<p>En cela, mon ami Claude Carliez, un maitre d&rsquo;armes extraordinaire et un fin p\u00e9dagogue qui m&rsquo;a form\u00e9, a \u00e9t\u00e9 mon phare. C&rsquo;est gr\u00e2ce \u00e0 cet homme que j&rsquo;ai pu, \u00e0 mon tour, transmettre mon expertise \u00e0 des jeunes dans le m\u00e9tier, avec l&rsquo;espoir, que par la suite, ils sachent en faire b\u00e9n\u00e9ficier les g\u00e9n\u00e9rations futures.<\/p>\n\n\n\n<blockquote class=\"wp-block-quote is-layout-flow wp-block-quote-is-layout-flow\">\n<p class=\"has-text-align-center has-medium-font-size\"><em><strong>&#8211; Chaque lien d&rsquo;amour tiss\u00e9, ne se brise jamais.<\/strong><\/em><\/p>\n\n\n\n<p class=\"has-text-align-center has-medium-font-size\"><em><strong>Dans le palais du hasard, nous sommes n\u00e9s.<\/strong><\/em><\/p>\n<\/blockquote>\n\n\n\n<h2 class=\"wp-block-heading\"><em><strong>Que retiendras-tu de cette incarnation et \u00e0 ton sens, pour quelles valeurs devons-nous toujours nous battre ?<\/strong><\/em><\/h2>\n\n\n\n<p>Les valeurs \u00e0 d\u00e9fendre sont celles que nous ont transmis nos parents et grands-parents : le go\u00fbt du travail bien fait, le pardon, la transmission de nos connaissances et de notre histoire, la grande Histoire et celle de nos a\u00efeux.<\/p>\n\n\n\n<p>Apprendre \u00e0 aimer, \u00e0 savoir se faire aimer et \u00eatre reconnu pour ses qualit\u00e9s de c\u0153ur et ses comp\u00e9tences professionnelles.<\/p>\n\n\n\n<p>Ce sont des notions simples. L&rsquo;humilit\u00e9 est, de mon point de vue, une vertu que chaque homme devrait porter en soi et rayonner pour plus d&rsquo;humanit\u00e9 dans ce monde.<\/p>\n\n\n\n<p>Le bonheur en h\u00e9ritage, loin d&rsquo;\u00eatre utopique, devrait \u00eatre enseign\u00e9 d\u00e8s le plus jeune \u00e2ge \u00e0 l&rsquo;\u00e9cole.<\/p>\n\n\n\n<p>Chaque lien d&rsquo;amour tiss\u00e9, ne se brise jamais. Dans le palais du hasard, nous sommes n\u00e9s. Dieu ou l&rsquo;Univers, nous rappellera \u00e0 lui, le moment venu.<\/p>\n\n\n\n<p>Je partirai en laissant \u00e9chapper de ma main des graines de bonheur pour leur donner une chance de germer : que chacun puisse le savourer et le transmettre \u00e0 son tour.<\/p>\n\n\n\n<p class=\"has-text-align-center\"><strong>Filmographie<\/strong><\/p>\n\n\n\n<p><strong>Cin\u00e9ma<\/strong><\/p>\n\n\n\n<ul class=\"wp-block-list\">\n<li><a href=\"https:\/\/fr.wikipedia.org\/wiki\/1963\">1963<\/a>&nbsp;:&nbsp;<em><a href=\"https:\/\/fr.wikipedia.org\/wiki\/Coplan_prend_des_risques\">Coplan prend des risques<\/a><\/em>&nbsp;de&nbsp;<a href=\"https:\/\/fr.wikipedia.org\/wiki\/Maurice_Labro\">Maurice Labro<\/a>&nbsp;&#8211; doublure de&nbsp;<a href=\"https:\/\/fr.wikipedia.org\/wiki\/Dominique_Paturel\">Dominique Paturel<\/a>&nbsp;dans les sc\u00e8nes d&rsquo;action<\/li>\n\n\n\n<li><a href=\"https:\/\/fr.wikipedia.org\/wiki\/1965\">1965<\/a>&nbsp;:&nbsp;<em><a href=\"https:\/\/fr.wikipedia.org\/wiki\/Le_Jour_d%27apr%C3%A8s\">Le Jour d&rsquo;apr\u00e8s<\/a><\/em>&nbsp;de&nbsp;<a href=\"https:\/\/fr.wikipedia.org\/wiki\/Robert_Parrish\">Robert Parrish<\/a><\/li>\n\n\n\n<li>1966&nbsp;:&nbsp;<em><a href=\"https:\/\/fr.wikipedia.org\/wiki\/La_Grande_Vadrouille\">La Grande Vadrouille<\/a><\/em>&nbsp;de&nbsp;<a href=\"https:\/\/fr.wikipedia.org\/wiki\/G%C3%A9rard_Oury\">G\u00e9rard Oury<\/a><\/li>\n\n\n\n<li>1967&nbsp;:&nbsp;<em><a href=\"https:\/\/fr.wikipedia.org\/wiki\/Casse-t%C3%AAte_chinois_pour_le_judoka\">Casse-t\u00eate chinois pour le judoka<\/a><\/em>&nbsp;de Maurice Labro<\/li>\n\n\n\n<li>1967&nbsp;:&nbsp;<em><a href=\"https:\/\/fr.wikipedia.org\/wiki\/Le_Fou_du_labo_4\">Le Fou du labo 4<\/a><\/em>&nbsp;de Jacques Besnard<\/li>\n\n\n\n<li>1967&nbsp;:&nbsp;<em><a href=\"https:\/\/fr.wikipedia.org\/wiki\/Les_Grandes_Vacances_(film)\">Les Grandes Vacances<\/a><\/em>&nbsp;de Jean Girault<\/li>\n\n\n\n<li><a href=\"https:\/\/fr.wikipedia.org\/wiki\/1968\">1968<\/a>&nbsp;:&nbsp;<em><a href=\"https:\/\/fr.wikipedia.org\/wiki\/Ho_!\">Ho&nbsp;!<\/a><\/em>&nbsp;de&nbsp;<a href=\"https:\/\/fr.wikipedia.org\/wiki\/Robert_Enrico\">Robert Enrico<\/a><\/li>\n\n\n\n<li><a href=\"https:\/\/fr.wikipedia.org\/wiki\/1968_au_cin%C3%A9ma\">1968<\/a>&nbsp;:&nbsp;<em><a href=\"https:\/\/fr.wikipedia.org\/wiki\/Le_Cerveau\">Le Cerveau<\/a><\/em>&nbsp;de&nbsp;<a href=\"https:\/\/fr.wikipedia.org\/wiki\/G%C3%A9rard_Oury\">G\u00e9rard Oury<\/a><\/li>\n\n\n\n<li>1968&nbsp;:&nbsp;<em><a href=\"https:\/\/fr.wikipedia.org\/wiki\/Sous_le_signe_de_Monte-Cristo\">Sous le signe de Monte-Cristo<\/a><\/em>&nbsp;d&rsquo;Andr\u00e9 Hunnebelle<\/li>\n\n\n\n<li>1969&nbsp;:&nbsp;<em><a href=\"https:\/\/fr.wikipedia.org\/wiki\/Aux_frais_de_la_princesse_(film)\">Aux frais de la princesse<\/a><\/em>&nbsp;de Roland Quignon<\/li>\n\n\n\n<li>1969&nbsp;:&nbsp;<em><a href=\"https:\/\/fr.wikipedia.org\/wiki\/Mon_Oncle_Benjamin\">Mon Oncle Benjamin<\/a><\/em>&nbsp;d&rsquo;Edouard Molinaro<\/li>\n\n\n\n<li>1969&nbsp;:&nbsp;<em><a href=\"https:\/\/fr.wikipedia.org\/wiki\/Cl%C3%A9rambard_(film)\">Cl\u00e9rambard<\/a><\/em>&nbsp;d&rsquo;Yves Robert<\/li>\n\n\n\n<li><a href=\"https:\/\/fr.wikipedia.org\/wiki\/1969_au_cin%C3%A9ma\">1969<\/a>&nbsp;:&nbsp;<em><a href=\"https:\/\/fr.wikipedia.org\/wiki\/L%27%C3%89toile_du_sud_(film,_1969)\">L&rsquo;\u00e9toile du sud<\/a><\/em>&nbsp;(<em>The Southern Star<\/em>) de&nbsp;<a href=\"https:\/\/fr.wikipedia.org\/wiki\/Sidney_Hayers\">Sidney Hayers<\/a>&nbsp;&#8211; doublure d&rsquo;<a href=\"https:\/\/fr.wikipedia.org\/wiki\/Ursula_Andress\">Ursula Andress<\/a>&nbsp;dans une sc\u00e8ne de plongeon<\/li>\n\n\n\n<li>1970&nbsp;:&nbsp;<em><a href=\"https:\/\/fr.wikipedia.org\/wiki\/L%27Homme_orchestre_(film,_1970)\">L&rsquo;Homme orchestre<\/a><\/em>&nbsp;de Serge Korber &#8211; conseiller technique du judo cascades<\/li>\n\n\n\n<li>1970&nbsp;:&nbsp;<em><a href=\"https:\/\/fr.wikipedia.org\/wiki\/Le_Mur_de_l%27Atlantique\">Le Mur de l&rsquo;Atlantique<\/a><\/em>&nbsp;de&nbsp;<a href=\"https:\/\/fr.wikipedia.org\/wiki\/Marcel_Camus\">Marcel Camus<\/a><\/li>\n\n\n\n<li><a href=\"https:\/\/fr.wikipedia.org\/wiki\/1971\">1971<\/a>&nbsp;:&nbsp;<em><a href=\"https:\/\/fr.wikipedia.org\/wiki\/Les_Mari%C3%A9s_de_l%27an_II\">Les Mari\u00e9s de l&rsquo;an II<\/a><\/em>&nbsp;de&nbsp;<a href=\"https:\/\/fr.wikipedia.org\/wiki\/Jean-Paul_Rappeneau\">Jean-Paul Rappeneau<\/a><\/li>\n\n\n\n<li>1971&nbsp;:&nbsp;<em><a href=\"https:\/\/fr.wikipedia.org\/wiki\/La_Folie_des_Grandeurs\">La Folie des Grandeurs<\/a><\/em>&nbsp;de G\u00e9rard Oury<\/li>\n\n\n\n<li>1971&nbsp;:&nbsp;<em><a href=\"https:\/\/fr.wikipedia.org\/wiki\/French_Connection_(film)\">French Connection<\/a><\/em>&nbsp;de William Friedkin<\/li>\n\n\n\n<li>1973&nbsp;:&nbsp;<em><a href=\"https:\/\/fr.wikipedia.org\/wiki\/Mais_o%C3%B9_est_donc_pass%C3%A9e_la_septi%C3%A8me_compagnie_%3F\">Mais o\u00f9 est donc pass\u00e9e la septi\u00e8me compagnie&nbsp;?<\/a><\/em>&nbsp;de Robert Lamoureux<\/li>\n\n\n\n<li>1973&nbsp;:&nbsp;<em><a href=\"https:\/\/fr.wikipedia.org\/wiki\/Les_Aventures_de_Rabbi_Jacob\">Les Aventures de Rabbi Jacob<\/a><\/em>&nbsp;de&nbsp;<a href=\"https:\/\/fr.wikipedia.org\/wiki\/G%C3%A9rard_Oury\">G\u00e9rard Oury<\/a><\/li>\n\n\n\n<li><a href=\"https:\/\/fr.wikipedia.org\/wiki\/1974\">1974<\/a>&nbsp;:&nbsp;<em><a href=\"https:\/\/fr.wikipedia.org\/wiki\/L%27important_c%27est_d%27aimer\">L&rsquo;important c&rsquo;est d&rsquo;aimer<\/a><\/em>&nbsp;de&nbsp;<a href=\"https:\/\/fr.wikipedia.org\/wiki\/Andrzej_%C5%BBu%C5%82awski\">Andrzej \u017bu\u0142awski<\/a><\/li>\n\n\n\n<li><a href=\"https:\/\/fr.wikipedia.org\/wiki\/1974\">1974<\/a>&nbsp;:&nbsp;<em><a href=\"https:\/\/fr.wikipedia.org\/wiki\/Le_M%C3%A2le_du_si%C3%A8cle\">Le M\u00e2le du si\u00e8cle<\/a><\/em>&nbsp;de&nbsp;<a href=\"https:\/\/fr.wikipedia.org\/wiki\/Claude_Berri\">Claude Berri<\/a><\/li>\n\n\n\n<li><a href=\"https:\/\/fr.wikipedia.org\/wiki\/1974\">1974<\/a>&nbsp;:&nbsp;<em><a href=\"https:\/\/fr.wikipedia.org\/wiki\/Peur_sur_la_ville\">Peur sur la ville<\/a><\/em>&nbsp;de&nbsp;<a href=\"https:\/\/fr.wikipedia.org\/wiki\/Henri_Verneuil\">Henri Verneuil<\/a><\/li>\n\n\n\n<li><a href=\"https:\/\/fr.wikipedia.org\/wiki\/1975\">1975<\/a>&nbsp;:&nbsp;<em><a href=\"https:\/\/fr.wikipedia.org\/wiki\/L%27Alpagueur\">L&rsquo;Alpagueur<\/a><\/em>&nbsp;de&nbsp;<a href=\"https:\/\/fr.wikipedia.org\/wiki\/Philippe_Labro\">Philippe Labro<\/a><\/li>\n\n\n\n<li><a href=\"https:\/\/fr.wikipedia.org\/wiki\/1975\">1975<\/a>&nbsp;:&nbsp;<em><a href=\"https:\/\/fr.wikipedia.org\/wiki\/On_a_retrouv%C3%A9_la_septi%C3%A8me_compagnie\">On a retrouv\u00e9 la septi\u00e8me compagnie<\/a><\/em>&nbsp;de&nbsp;<a href=\"https:\/\/fr.wikipedia.org\/wiki\/Robert_Lamoureux\">Robert Lamoureux<\/a><\/li>\n\n\n\n<li>1975&nbsp;:&nbsp;<em><a href=\"https:\/\/fr.wikipedia.org\/wiki\/Le_Sauvage_(film)\">Le Sauvage<\/a><\/em>&nbsp;de Jean-Paul Rappeneau<\/li>\n\n\n\n<li>1976&nbsp;:&nbsp;<em><a href=\"https:\/\/fr.wikipedia.org\/wiki\/Calmos\">Calmos<\/a><\/em>&nbsp;de Betrand Blier<\/li>\n\n\n\n<li><a href=\"https:\/\/fr.wikipedia.org\/wiki\/1976\">1976<\/a>&nbsp;:&nbsp;<em><a href=\"https:\/\/fr.wikipedia.org\/w\/index.php?title=Blondy_(film,_1976)&amp;action=edit&amp;redlink=1\">Blondy<\/a><\/em>&nbsp;de&nbsp;<a href=\"https:\/\/fr.wikipedia.org\/wiki\/Sergio_Gobbi\">Sergio Gobbi<\/a><\/li>\n\n\n\n<li><a href=\"https:\/\/fr.wikipedia.org\/wiki\/1977\">1977<\/a>&nbsp;:&nbsp;<em><a href=\"https:\/\/fr.wikipedia.org\/wiki\/L%27Animal_(film)\">L&rsquo;Animal<\/a><\/em>&nbsp;de&nbsp;<a href=\"https:\/\/fr.wikipedia.org\/wiki\/Claude_Zidi\">Claude Zidi<\/a><\/li>\n\n\n\n<li>1977&nbsp;:&nbsp;<em><a href=\"https:\/\/fr.wikipedia.org\/wiki\/Vous_n%27aurez_pas_l%27Alsace_et_la_Lorraine\">Vous n&rsquo;aurez pas l&rsquo;Alsace et la Lorraine<\/a><\/em>&nbsp;de Coluche<strong>&#8211;<\/strong><\/li>\n\n\n\n<li>1977&nbsp;:&nbsp;<em><a href=\"https:\/\/fr.wikipedia.org\/wiki\/La_Septi%C3%A8me_Compagnie_au_clair_de_lune\">La Septi\u00e8me Compagnie au clair de lune<\/a><\/em>&nbsp;de Robert Lamoureux<\/li>\n\n\n\n<li>1978&nbsp;:&nbsp;<em><a href=\"https:\/\/fr.wikipedia.org\/wiki\/La_Carapate\">La Carapate<\/a><\/em>&nbsp;de G\u00e9rard Oury<\/li>\n\n\n\n<li>1978&nbsp;:&nbsp;<em><a href=\"https:\/\/fr.wikipedia.org\/wiki\/La_Zizanie_(film)\">La Zizanie<\/a><\/em>&nbsp;de Claude Zidi<\/li>\n\n\n\n<li><a href=\"https:\/\/fr.wikipedia.org\/wiki\/1979\">1979<\/a>&nbsp;:&nbsp;<em><a href=\"https:\/\/fr.wikipedia.org\/wiki\/Moonraker_(film)\">Moonraker<\/a><\/em>&nbsp;de&nbsp;<a href=\"https:\/\/fr.wikipedia.org\/wiki\/Lewis_Gilbert\">Lewis Gilbert<\/a><\/li>\n\n\n\n<li>1979&nbsp;:&nbsp;<em><a href=\"https:\/\/fr.wikipedia.org\/wiki\/Coup_de_t%C3%AAte\">Coup de t\u00eate<\/a><\/em>&nbsp;de Jean-Jacques Annaud<\/li>\n\n\n\n<li><a href=\"https:\/\/fr.wikipedia.org\/wiki\/1979\">1979<\/a>&nbsp;:&nbsp;<em><a href=\"https:\/\/fr.wikipedia.org\/wiki\/Le_Guignolo\">Le Guignolo<\/a><\/em>&nbsp;de&nbsp;<a href=\"https:\/\/fr.wikipedia.org\/wiki\/Georges_Lautner\">Georges Lautner<\/a><\/li>\n\n\n\n<li>1979&nbsp;:&nbsp;<em><a href=\"https:\/\/fr.wikipedia.org\/wiki\/De_l%27enfer_%C3%A0_la_victoire\">De l&rsquo;enfer \u00e0 la victoire<\/a><\/em>&nbsp;de&nbsp;<a href=\"https:\/\/fr.wikipedia.org\/wiki\/Umberto_Lenzi\">Umberto Lenzi<\/a><a href=\"https:\/\/fr.wikipedia.org\/wiki\/De_l%27enfer_%C3%A0_la_victoire#cite_note-1\">i<\/a><\/li>\n\n\n\n<li><a href=\"https:\/\/fr.wikipedia.org\/wiki\/1980\">1980<\/a>&nbsp;:&nbsp;<em><a href=\"https:\/\/fr.wikipedia.org\/wiki\/Trois_hommes_%C3%A0_abattre\">Trois hommes \u00e0 abattre<\/a>&nbsp;de&nbsp;<a href=\"https:\/\/fr.wikipedia.org\/wiki\/Jacques_Deray\">Jacques Deray<\/a><\/em><\/li>\n\n\n\n<li>1980&nbsp;:&nbsp;<em><a href=\"https:\/\/fr.wikipedia.org\/wiki\/La_Tour_Eiffel_en_otage\">La Tour Eiffel en otage<\/a><\/em>&nbsp;de&nbsp;<a href=\"https:\/\/fr.wikipedia.org\/w\/index.php?title=Claudio_Guzm%C3%A1n&amp;action=edit&amp;redlink=1\">Claudio Guzm\u00e1n<\/a>&nbsp;<a href=\"https:\/\/en.wikipedia.org\/wiki\/Claudio_Guzm%C3%A1n\">(en)<\/a><\/li>\n\n\n\n<li><a href=\"https:\/\/fr.wikipedia.org\/wiki\/1980\">1980<\/a>&nbsp;:&nbsp;<em><a href=\"https:\/\/fr.wikipedia.org\/wiki\/Inspecteur_la_Bavure\">Inspecteur la Bavure<\/a><\/em>&nbsp;de&nbsp;<a href=\"https:\/\/fr.wikipedia.org\/wiki\/Claude_Zidi\">Claude Zidi<\/a><\/li>\n\n\n\n<li>1980&nbsp;:&nbsp;<em><a href=\"https:\/\/fr.wikipedia.org\/wiki\/La_Boum\">La Boum<\/a><\/em>&nbsp;de Claude Pinoteau<\/li>\n\n\n\n<li>1981&nbsp;:&nbsp;<em><a href=\"https:\/\/fr.wikipedia.org\/wiki\/Condorman\">Condorman<\/a><\/em>&nbsp;de&nbsp;<a href=\"https:\/\/fr.wikipedia.org\/wiki\/Charles_Jarrott_(r%C3%A9alisateur)\">Charles Jarrott<\/a><\/li>\n\n\n\n<li><a href=\"https:\/\/fr.wikipedia.org\/wiki\/1981\">1981<\/a>&nbsp;:&nbsp;<em><a href=\"https:\/\/fr.wikipedia.org\/wiki\/Pour_la_peau_d%27un_flic\">Pour la peau d&rsquo;un flic<\/a><\/em>&nbsp;d&rsquo;<a href=\"https:\/\/fr.wikipedia.org\/wiki\/Alain_Delon\">Alain Delon<\/a><\/li>\n\n\n\n<li><a href=\"https:\/\/fr.wikipedia.org\/wiki\/1981\">1981<\/a>&nbsp;:&nbsp;<em><a href=\"https:\/\/fr.wikipedia.org\/wiki\/Les_Mis%C3%A9rables_(film,_1982)\">Les Mis\u00e9rables<\/a><\/em>&nbsp;de&nbsp;<a href=\"https:\/\/fr.wikipedia.org\/wiki\/Robert_Hossein\">Robert Hossein<\/a>&nbsp;&#8211;&nbsp;<em>Uniquement dans les cascades<\/em><\/li>\n\n\n\n<li><a href=\"https:\/\/fr.wikipedia.org\/wiki\/1981\">1981<\/a>&nbsp;:&nbsp;<em><a href=\"https:\/\/fr.wikipedia.org\/wiki\/Le_Professionnel\">Le Professionnel<\/a><\/em>&nbsp;de&nbsp;<a href=\"https:\/\/fr.wikipedia.org\/wiki\/Georges_Lautner\">Georges Lautner<\/a><\/li>\n\n\n\n<li><a href=\"https:\/\/fr.wikipedia.org\/wiki\/1982\">1982<\/a>&nbsp;:&nbsp;<em><a href=\"https:\/\/fr.wikipedia.org\/wiki\/Le_Battant\">Le Battant<\/a><\/em>&nbsp;d&rsquo;<a href=\"https:\/\/fr.wikipedia.org\/wiki\/Alain_Delon\">Alain Delon<\/a><\/li>\n\n\n\n<li><a href=\"https:\/\/fr.wikipedia.org\/wiki\/1982\">1982<\/a>&nbsp;:&nbsp;<em><a href=\"https:\/\/fr.wikipedia.org\/wiki\/La_Boum_2\">La Boum 2<\/a><\/em>&nbsp;de&nbsp;<a href=\"https:\/\/fr.wikipedia.org\/wiki\/Claude_Pinoteau\">Claude Pinoteau<\/a><\/li>\n\n\n\n<li><a href=\"https:\/\/fr.wikipedia.org\/wiki\/1982\">1982<\/a>&nbsp;:&nbsp;<em><a href=\"https:\/\/fr.wikipedia.org\/wiki\/L%27As_des_as\">L&rsquo;As des as<\/a><\/em>&nbsp;de&nbsp;<a href=\"https:\/\/fr.wikipedia.org\/wiki\/G%C3%A9rard_Oury\">G\u00e9rard Oury<\/a><\/li>\n\n\n\n<li>1982&nbsp;:&nbsp;<em><a href=\"https:\/\/fr.wikipedia.org\/wiki\/Enigma_(film,_1982)\">Enigma<\/a><\/em>&nbsp;de&nbsp;<a href=\"https:\/\/fr.wikipedia.org\/wiki\/Jeannot_Szwarc\">Jeannot Szwarc<\/a><\/li>\n\n\n\n<li>1983&nbsp;:&nbsp;<em><a href=\"https:\/\/fr.wikipedia.org\/wiki\/Surexpos%C3%A9\">Surexpos\u00e9<\/a><\/em>&nbsp;de James Toback<\/li>\n\n\n\n<li><a href=\"https:\/\/fr.wikipedia.org\/wiki\/1983\">1983<\/a>&nbsp;:&nbsp;<em><a href=\"https:\/\/fr.wikipedia.org\/wiki\/Flic_de_choc\">Flic de choc<\/a><\/em>&nbsp;de&nbsp;<a href=\"https:\/\/fr.wikipedia.org\/wiki\/Jean-Pierre_Desagnat\">Jean-Pierre Desagnat<\/a><\/li>\n\n\n\n<li><a href=\"https:\/\/fr.wikipedia.org\/wiki\/1983\">1983<\/a>&nbsp;:&nbsp;<em><a href=\"https:\/\/fr.wikipedia.org\/wiki\/Le_Marginal\">Le Marginal<\/a><\/em>&nbsp;de&nbsp;<a href=\"https:\/\/fr.wikipedia.org\/wiki\/Jacques_Deray\">Jacques Deray<\/a><\/li>\n\n\n\n<li><a href=\"https:\/\/fr.wikipedia.org\/wiki\/1983\">1983<\/a>&nbsp;:&nbsp;<em><a href=\"https:\/\/fr.wikipedia.org\/wiki\/Les_Morfalous\">Les Morfalous<\/a><\/em>&nbsp;d&rsquo;<a href=\"https:\/\/fr.wikipedia.org\/wiki\/Henri_Verneuil\">Henri Verneuil<\/a><\/li>\n\n\n\n<li><a href=\"https:\/\/fr.wikipedia.org\/wiki\/1983_au_cin%C3%A9ma\">1983<\/a>&nbsp;:&nbsp;<em><a href=\"https:\/\/fr.wikipedia.org\/wiki\/Flics_de_choc_(film)\">Flics de choc<\/a><\/em>&nbsp;de&nbsp;<a href=\"https:\/\/fr.wikipedia.org\/wiki\/Jean-Pierre_Desagnat\">Jean-Pierre Desagnat<\/a>&nbsp;:<\/li>\n\n\n\n<li><a href=\"https:\/\/fr.wikipedia.org\/wiki\/1984\">1984<\/a>&nbsp;:&nbsp;<em><a href=\"https:\/\/fr.wikipedia.org\/wiki\/L%27Arbal%C3%A8te_(film)\">L&rsquo;Arbal\u00e8te<\/a><\/em>&nbsp;de&nbsp;<a href=\"https:\/\/fr.wikipedia.org\/wiki\/Sergio_Gobbi\">Sergio Gobbi<\/a><\/li>\n\n\n\n<li>1984&nbsp;:&nbsp;<em><a href=\"https:\/\/fr.wikipedia.org\/wiki\/La_Femme_publique\">La Femme publique<\/a><\/em>&nbsp;d&rsquo;<a href=\"https:\/\/fr.wikipedia.org\/wiki\/Andrzej_%C5%BBu%C5%82awski\">Andrzej \u017bu\u0142awski<\/a><\/li>\n\n\n\n<li>1984&nbsp;:&nbsp;<em><a href=\"https:\/\/fr.wikipedia.org\/wiki\/La_Septi%C3%A8me_Cible\">La Septi\u00e8me Cible<\/a><\/em>&nbsp;de Claude Pinoteau<\/li>\n\n\n\n<li><a href=\"https:\/\/fr.wikipedia.org\/wiki\/1984\">1984<\/a>&nbsp;:&nbsp;<em><a href=\"https:\/\/fr.wikipedia.org\/wiki\/Joyeuses_P%C3%A2ques_(film)\">Joyeuses P\u00e2ques<\/a><\/em>&nbsp;de&nbsp;<a href=\"https:\/\/fr.wikipedia.org\/wiki\/Georges_Lautner\">Georges Lautner<\/a><\/li>\n\n\n\n<li>1984&nbsp;:&nbsp;<em><a href=\"https:\/\/fr.wikipedia.org\/wiki\/La_Vengeance_du_serpent_%C3%A0_plumes\">La Vengeance du serpent \u00e0 plumes<\/a><\/em>&nbsp;de G\u00e9rard Oury<\/li>\n\n\n\n<li>1985&nbsp;:&nbsp;<em><a href=\"https:\/\/fr.wikipedia.org\/wiki\/Brigade_des_m%C5%93urs_(film,_1984)\">Brigades des m\u0153urs<\/a><\/em>&nbsp;de Max P\u00e9cas<\/li>\n\n\n\n<li>1985&nbsp;:&nbsp;<em><a href=\"https:\/\/fr.wikipedia.org\/wiki\/Target_(film,_1985)\">Target<\/a><\/em>&nbsp;d&rsquo;Arthur Penn<\/li>\n\n\n\n<li>1986&nbsp;:&nbsp;<em><a href=\"https:\/\/fr.wikipedia.org\/wiki\/Paulette,_la_pauvre_petite_milliardaire\">Paulette, la pauvre petite milliardaire<\/a><\/em>&nbsp;de Claude Confort\u00e8s<\/li>\n\n\n\n<li>1986&nbsp;:&nbsp;<em>Under the Cherry moon<\/em>&nbsp;de Prince<\/li>\n\n\n\n<li>1986&nbsp;:&nbsp;<em>Si t&rsquo;as besoin de rien, fais-moi signe<\/em>&nbsp;de Philippe Clair<\/li>\n\n\n\n<li>1986&nbsp;:&nbsp;<em>L&rsquo;\u00e9tat de gr\u00e2ce<\/em>&nbsp;de Jacques Rouffio<\/li>\n\n\n\n<li>1986&nbsp;:&nbsp;<em><a href=\"https:\/\/fr.wikipedia.org\/wiki\/Association_de_malfaiteurs_(film)\">Association de malfaiteurs<\/a><\/em>&nbsp;de Claude Zidi<\/li>\n\n\n\n<li>1986&nbsp;:&nbsp;<em>Le Caviar Rouge<\/em>&nbsp;de&nbsp;<a href=\"https:\/\/fr.wikipedia.org\/wiki\/Robert_Hossein\">Robert Hossein<\/a><\/li>\n\n\n\n<li>1987&nbsp;:&nbsp;<em>Dutch Treat<\/em>&nbsp;de Boaz Davidson<\/li>\n\n\n\n<li><a href=\"https:\/\/fr.wikipedia.org\/wiki\/1988\">1988<\/a>&nbsp;:&nbsp;<em><a href=\"https:\/\/fr.wikipedia.org\/wiki\/Itin%C3%A9raire_d%27un_enfant_g%C3%A2t%C3%A9\">Itin\u00e9raire d&rsquo;un enfant g\u00e2t\u00e9<\/a><\/em>&nbsp;de&nbsp;<a href=\"https:\/\/fr.wikipedia.org\/wiki\/Claude_Lelouch\">Claude Lelouch<\/a><\/li>\n\n\n\n<li>1989&nbsp;:&nbsp;<em>La r\u00e9volution fran\u00e7aise<\/em>&nbsp;de Robert Enrico et Richard T. Heffron<\/li>\n\n\n\n<li>1990&nbsp;:&nbsp;<em>Dames Galantes<\/em>&nbsp;de Jean-Charles Tacchella<\/li>\n\n\n\n<li>1990&nbsp;:&nbsp;<em>L&rsquo;affaire Wallraff<\/em>&nbsp;de Bobby Roth<\/li>\n\n\n\n<li>1992&nbsp;:&nbsp;<em>Le retour des Charlots<\/em>&nbsp;de Jean Sarrus &#8211; coordinateur cascades<\/li>\n\n\n\n<li>1993&nbsp;:&nbsp;<em>Entre chien et loup<\/em>&nbsp;de Andrew Piddington &#8211; coordinateur cascades<\/li>\n<\/ul>\n\n\n\n<p><strong>T\u00e9l\u00e9vision<\/strong><\/p>\n\n\n\n<ul class=\"wp-block-list\">\n<li>1969&nbsp;:&nbsp;<em>Les Eaux m\u00eal\u00e9es<\/em>&nbsp;(t\u00e9l\u00e9film) de Jean Kerchbron<\/li>\n\n\n\n<li>1971&nbsp;:&nbsp;<em>Quentin Durward<\/em>&nbsp;(s\u00e9rie t\u00e9l\u00e9) de Gilles Grangier<\/li>\n\n\n\n<li>1971&nbsp;:&nbsp;<em>Le voyageur des si\u00e8cles<\/em>&nbsp;de Jean Dr\u00e9ville<\/li>\n\n\n\n<li>1971&nbsp;:&nbsp;<em>La Dame de Monsoreau<\/em>&nbsp;(mini-s\u00e9rie) de&nbsp;<a href=\"https:\/\/fr.wikipedia.org\/wiki\/Yannick_Andr%C3%A9i\">Yannick Andr\u00e9i<\/a><\/li>\n\n\n\n<li>1971- 1974&nbsp;:&nbsp;<em>Schulmeister, Espion de l&rsquo;Empereur<\/em>&nbsp;de Jean-Pierre Decourt<\/li>\n\n\n\n<li><a href=\"https:\/\/fr.wikipedia.org\/wiki\/1973_%C3%A0_la_t%C3%A9l%C3%A9vision\">1973<\/a>&nbsp;:&nbsp;<em><a href=\"https:\/\/fr.wikipedia.org\/wiki\/Karatekas_and_co\">Karatekas and co<\/a><\/em>&nbsp;d&rsquo;<a href=\"https:\/\/fr.wikipedia.org\/w\/index.php?title=Edmond_Tyborowski&amp;action=edit&amp;redlink=1\">Edmond Tyborowski<\/a>, s\u00e9rie t\u00e9l\u00e9vis\u00e9e en six \u00e9pisodes, avec&nbsp;<a href=\"https:\/\/fr.wikipedia.org\/wiki\/Jean_Marais\">Jean Marais<\/a><\/li>\n\n\n\n<li>1973&nbsp;:&nbsp;<em>Joseph Balsamo<\/em>&nbsp;(mini-s\u00e9rie t\u00e9l\u00e9) avec&nbsp;<a href=\"https:\/\/fr.wikipedia.org\/wiki\/Jean_Marais\">Jean Marais<\/a><\/li>\n\n\n\n<li>1973&nbsp;:&nbsp;<em>L&rsquo;hiver d&rsquo;un gentilhomme<\/em>&nbsp;de&nbsp;<a href=\"https:\/\/fr.wikipedia.org\/wiki\/Yannick_Andr%C3%A9i\">Yannick Andr\u00e9i<\/a><\/li>\n\n\n\n<li>1974&nbsp;:&nbsp;<em>\u00c0 trois temps<\/em>&nbsp;de Jean Kerchbron<\/li>\n\n\n\n<li>1975&nbsp;:&nbsp;<em>La mort d&rsquo;un touriste<\/em>&nbsp;(mini-s\u00e9rie t\u00e9l\u00e9) d&rsquo;Abder Isker<\/li>\n\n\n\n<li>1975&nbsp;:&nbsp;<em>Le pain perdu<\/em>&nbsp;de Pierre Cardinal<\/li>\n\n\n\n<li>1976&nbsp;:&nbsp;<em>Les Beaux Messieurs des Bois-Dor\u00e9<\/em>&nbsp;(mini-s\u00e9rie TV) de Bernard Borderie<\/li>\n\n\n\n<li>1977&nbsp;:&nbsp;<em>Rendez-vous en noir<\/em>&nbsp;de Claude Grinberg<\/li>\n\n\n\n<li>1977&nbsp;:&nbsp;<em>Le loup blanc<\/em>&nbsp;(t\u00e9l\u00e9film) de Jean-Pierre Decourt<\/li>\n\n\n\n<li>1977-1980&nbsp;:&nbsp;<em>Commissaire Moulin<\/em>&nbsp;(S\u00e9rie t\u00e9l\u00e9)<\/li>\n\n\n\n<li><a href=\"https:\/\/fr.wikipedia.org\/wiki\/1978_%C3%A0_la_t%C3%A9l%C3%A9vision\">1978<\/a>&nbsp;:&nbsp;<em><a href=\"https:\/\/fr.wikipedia.org\/wiki\/Madame_de_S%C3%A9vign%C3%A9_:_Idylle_familiale_avec_Bussy-Rabutin\">Madame de S\u00e9vign\u00e9&nbsp;: Idylle familiale avec Bussy-Rabutin<\/a><\/em>&nbsp;de G\u00e9rard Pignol et Jacques Vigoureux&nbsp;: le chevalier d&rsquo;Albret<\/li>\n\n\n\n<li><a href=\"https:\/\/fr.wikipedia.org\/wiki\/1979_%C3%A0_la_t%C3%A9l%C3%A9vision\">1979<\/a>&nbsp;:&nbsp;<em><a href=\"https:\/\/fr.wikipedia.org\/wiki\/Les_Enqu%C3%AAtes_du_commissaire_Maigret\">Les Enqu\u00eates du commissaire Maigret<\/a><\/em>, \u00e9pisode&nbsp;:&nbsp;<em><a href=\"https:\/\/fr.wikipedia.org\/wiki\/Le_Fou_de_Bergerac\">Le Fou de Bergerac<\/a><\/em>&nbsp;d&rsquo;<a href=\"https:\/\/fr.wikipedia.org\/wiki\/Yves_All%C3%A9gret\">Yves All\u00e9gret<\/a><\/li>\n\n\n\n<li>1979&nbsp;:&nbsp;<em>Un juge, un flic<\/em>&nbsp;(S\u00e9rie t\u00e9l\u00e9) \u00e9pisode Un alibi en b\u00e9ton<\/li>\n\n\n\n<li>1979&nbsp;:&nbsp;<em>Histoires de voyous&nbsp;: Des immortelles pour Mademoiselle<\/em>&nbsp;(t\u00e9l\u00e9film) de Paul Siegrist<\/li>\n\n\n\n<li>1979&nbsp;:&nbsp;<em>La lumi\u00e8res des justes<\/em>&nbsp;(mini-s\u00e9rie TV) de&nbsp;<a href=\"https:\/\/fr.wikipedia.org\/wiki\/Jean_Chatenet\">Jean Chatenet<\/a>&nbsp;et&nbsp;<a href=\"https:\/\/fr.wikipedia.org\/wiki\/Jean_Cosmos\">Jean Cosmos<\/a><\/li>\n\n\n\n<li><a href=\"https:\/\/fr.wikipedia.org\/wiki\/1980_%C3%A0_la_t%C3%A9l%C3%A9vision\">1980<\/a>&nbsp;:&nbsp;<em>Patricia<\/em>&nbsp;(<em><a href=\"https:\/\/fr.wikipedia.org\/wiki\/La_Vie_des_autres_(s%C3%A9rie_t%C3%A9l%C3%A9vis%C3%A9e)\">La Vie des autres<\/a><\/em>) d&rsquo;<a href=\"https:\/\/fr.wikipedia.org\/wiki\/Emmanuel_Fonlladosa\">Emmanuel Fonlladosa<\/a><\/li>\n\n\n\n<li><a href=\"https:\/\/fr.wikipedia.org\/wiki\/1980\">1980<\/a>&nbsp;:&nbsp;<em><a href=\"https:\/\/fr.wikipedia.org\/w\/index.php?title=Le_Vol_d%27Icare_(t%C3%A9l%C3%A9film)&amp;action=edit&amp;redlink=1\">Le Vol d&rsquo;Icare<\/a><\/em>&nbsp;de&nbsp;<a href=\"https:\/\/fr.wikipedia.org\/wiki\/Daniel_Ceccaldi\">Daniel Ceccaldi<\/a><\/li>\n\n\n\n<li>1980&nbsp;:&nbsp;<em>Fant\u00f4mas<\/em>&nbsp;(mini-s\u00e9rie TV) de&nbsp;<a href=\"https:\/\/fr.wikipedia.org\/wiki\/Claude_Chabrol\">Claude Chabrol<\/a>&nbsp;et&nbsp;<a href=\"https:\/\/fr.wikipedia.org\/wiki\/Juan_Luis_Bu%C3%B1uel\">Juan Luis Bu\u00f1uel<\/a><\/li>\n\n\n\n<li>1980&nbsp;:&nbsp;<em>L\u00e9gitime d\u00e9fense<\/em>&nbsp;de Claude Grinberg<\/li>\n\n\n\n<li>1980&nbsp;:&nbsp;<em>Petit d\u00e9jeuner compris<\/em>&nbsp;(mini-s\u00e9rie TV) de&nbsp;<a href=\"https:\/\/fr.wikipedia.org\/wiki\/Michel_Berny\">Michel Berny<\/a><\/li>\n\n\n\n<li><a href=\"https:\/\/fr.wikipedia.org\/wiki\/1981_%C3%A0_la_t%C3%A9l%C3%A9vision\">1981<\/a>&nbsp;:&nbsp;<em><a href=\"https:\/\/fr.wikipedia.org\/wiki\/M%C3%A9decins_de_nuit\">M\u00e9decins de nuit<\/a><\/em>, \u00e9pisode&nbsp;:&nbsp;<em>La Derni\u00e8re Nuit<\/em>&nbsp;d&rsquo;<a href=\"https:\/\/fr.wikipedia.org\/wiki\/Emmanuel_Fonlladosa\">Emmanuel Fonlladosa<\/a><\/li>\n\n\n\n<li>1981&nbsp;:&nbsp;<em>Blanc, Bleu, Rouge<\/em>&nbsp;(mini-s\u00e9rie TV) de&nbsp;<a href=\"https:\/\/fr.wikipedia.org\/wiki\/Yannick_Andr%C3%A9i\">Yannick Andr\u00e9i<\/a><\/li>\n\n\n\n<li>1982&nbsp;:&nbsp;<em>L&rsquo;\u00e9pingle noire<\/em>&nbsp;de Dominique de Saint-Alban<\/li>\n\n\n\n<li><a href=\"https:\/\/fr.wikipedia.org\/wiki\/1982_%C3%A0_la_t%C3%A9l%C3%A9vision\">1982<\/a>&nbsp;:&nbsp;<em><a href=\"https:\/\/fr.wikipedia.org\/wiki\/Le_Voyageur_imprudent_(t%C3%A9l%C3%A9film)\">Le Voyageur imprudent<\/a><\/em>&nbsp;de&nbsp;<a href=\"https:\/\/fr.wikipedia.org\/wiki\/Pierre_Tchernia\">Pierre Tchernia<\/a><\/li>\n\n\n\n<li><a href=\"https:\/\/fr.wikipedia.org\/wiki\/1983_%C3%A0_la_t%C3%A9l%C3%A9vision\">1983<\/a>&nbsp;:&nbsp;<em><a href=\"https:\/\/fr.wikipedia.org\/wiki\/Les_Enqu%C3%AAtes_du_commissaire_Maigret\">Les Enqu\u00eates du commissaire Maigret<\/a><\/em>&nbsp;d&rsquo;<a href=\"https:\/\/fr.wikipedia.org\/wiki\/Alain_Levent\">Alain Levent<\/a>&nbsp;(s\u00e9rie t\u00e9l\u00e9vis\u00e9e), \u00e9pisode&nbsp;:&nbsp;<em><a href=\"https:\/\/fr.wikipedia.org\/wiki\/La_Col%C3%A8re_de_Maigret\">La Col\u00e8re de Maigret<\/a><\/em><\/li>\n\n\n\n<li>1983&nbsp;:&nbsp;<em>La chambre des dames<\/em>&nbsp;(mini-s\u00e9ries t\u00e9l\u00e9) de Yannick Andr\u00e9i<\/li>\n\n\n\n<li>1983&nbsp;:&nbsp;<em>Monsieur Abel<\/em>&nbsp;(t\u00e9l\u00e9film) de Jacques Doillon<\/li>\n\n\n\n<li><a href=\"https:\/\/fr.wikipedia.org\/wiki\/1984_%C3%A0_la_t%C3%A9l%C3%A9vision\">1984<\/a>&nbsp;:&nbsp;<em><a href=\"https:\/\/fr.wikipedia.org\/wiki\/Aveugle,_que_veux-tu_%3F\">Aveugle, que veux-tu&nbsp;?<\/a><\/em>&nbsp;de&nbsp;<a href=\"https:\/\/fr.wikipedia.org\/wiki\/Juan_Luis_Bu%C3%B1uel\">Juan Luis Bu\u00f1uel<\/a><\/li>\n\n\n\n<li>1984&nbsp;:&nbsp;<em><a href=\"https:\/\/fr.wikipedia.org\/w\/index.php?title=Le_Voyage_(t%C3%A9l%C3%A9film,_1984)&amp;action=edit&amp;redlink=1\">Le Voyage<\/a><\/em>&nbsp;de&nbsp;<a href=\"https:\/\/fr.wikipedia.org\/wiki\/Michel_Andrieu\">Michel Andrieu<\/a><\/li>\n\n\n\n<li>1984&nbsp;:&nbsp;<em>Le myst\u00e9rieux docteur Corn\u00e9lius<\/em>&nbsp;(mini-s\u00e9rie t\u00e9l\u00e9) de Maurice Frydland<\/li>\n\n\n\n<li>1984&nbsp;:&nbsp;<em>The Sun Also Rises (Le Soleil se l\u00e8ve aussi)<\/em>&nbsp;de James Goldstone<\/li>\n\n\n\n<li>1984&nbsp;:&nbsp;<em>Billet doux<\/em>&nbsp;(mini-s\u00e9rie TV) de Michel Berny<\/li>\n\n\n\n<li>1986&nbsp;:&nbsp;<em>Grand h\u00f4tel<\/em>&nbsp;(s\u00e9rie t\u00e9l\u00e9) de Jean Kerchbron<\/li>\n\n\n\n<li>1987&nbsp;:&nbsp;<em>Le Gerfault<\/em>&nbsp;(mini-s\u00e9rie TV) de&nbsp;<a href=\"https:\/\/fr.wikipedia.org\/wiki\/Marion_Sarraut\">Marion Sarraut<\/a><\/li>\n\n\n\n<li>1989&nbsp;:&nbsp;<em>Panique aux Cara\u00efbes<\/em>, s\u00e9rie t\u00e9l\u00e9 de Jean-Claude Charnay et Serge Korber<\/li>\n\n\n\n<li>1989&nbsp;:&nbsp;<em>Les Grandes Familles, de Edouard Molinaro<\/em><\/li>\n\n\n\n<li>1990&nbsp;:&nbsp;<em>Marie Pervenche<\/em>&nbsp;de Claude Boissol \u00e9pisode&nbsp;: L&rsquo;amn\u00e9sique est bon enfant &#8211; coordinateur cascades<\/li>\n\n\n\n<li>1990&nbsp;:&nbsp;<em>Le mari de l&rsquo;ambassadeur<\/em>&nbsp;de Fran\u00e7ois Velle &#8211; coordinateur cascades<\/li>\n\n\n\n<li>2000&nbsp;:&nbsp;<em>Les enfants du printemps<\/em>&nbsp;de Marco Pico &#8211; coordinateur cascades<\/li>\n\n\n\n<li>2012&nbsp;:&nbsp;<em>Main courante<\/em>&nbsp;(s\u00e9rie TV) \u00e9pisode&nbsp;: D\u00e9rapages\u200b<\/li>\n<\/ul>\n\n\n\n<p class=\"has-text-align-center\"><strong>Source Wikip\u00e9dia<\/strong><\/p>\n","protected":false},"excerpt":{"rendered":"<p>Immense honneur de recueillir pour vous les confidences de mon ami Michel Berreur, Acteur, Cascadeur et adepte des Arts Martiaux. Vous l&rsquo;avez d\u00e9couvert aupr\u00e8s d&rsquo;Alain Delon, de Jean-Paul Belmondo ou de Roger Moore. Retour sur une carri\u00e8re d&rsquo;exception, conseils pour ceux d\u00e9sireux d&rsquo;\u00e9voluer et regard sur l&rsquo;avenir. Quelle est ta perception du monde d\u2019aujourd\u2019hui ? [&hellip;]<\/p>\n","protected":false},"author":2,"featured_media":3075,"comment_status":"open","ping_status":"open","sticky":false,"template":"","format":"standard","meta":{"footnotes":""},"categories":[4],"tags":[],"class_list":["post-3069","post","type-post","status-publish","format-standard","has-post-thumbnail","hentry","category-vie-des-affaires"],"yoast_head":"<!-- This site is optimized with the Yoast SEO plugin v27.4 - https:\/\/yoast.com\/product\/yoast-seo-wordpress\/ -->\n<title>Acteur d&#039;aujourd&#039;hui, Engag\u00e9 pour demain ! - Kris Saint Ange news<\/title>\n<meta name=\"description\" content=\"Plongez dans l&#039;interview de Michel Berreur, explorant sa carri\u00e8re et ses perspectives sur le monde actuel.\" \/>\n<meta name=\"robots\" content=\"index, follow, max-snippet:-1, max-image-preview:large, max-video-preview:-1\" \/>\n<link rel=\"canonical\" href=\"https:\/\/krissaintange.com\/news\/acteur-daujourdhuiengage-pour-demain-2\/\" \/>\n<meta property=\"og:locale\" content=\"fr_FR\" \/>\n<meta property=\"og:type\" content=\"article\" \/>\n<meta property=\"og:title\" content=\"Acteur d&#039;aujourd&#039;hui, Engag\u00e9 pour demain ! - Kris Saint Ange news\" \/>\n<meta property=\"og:description\" content=\"Plongez dans l&#039;interview de Michel Berreur, explorant sa carri\u00e8re et ses perspectives sur le monde actuel.\" \/>\n<meta property=\"og:url\" content=\"https:\/\/krissaintange.com\/news\/acteur-daujourdhuiengage-pour-demain-2\/\" \/>\n<meta property=\"og:site_name\" content=\"Kris Saint Ange news\" \/>\n<meta property=\"article:publisher\" content=\"https:\/\/www.facebook.com\/krissaintange\/\" \/>\n<meta property=\"article:author\" content=\"https:\/\/www.facebook.com\/krissaintange\/\" \/>\n<meta property=\"article:published_time\" content=\"2021-03-18T00:00:00+00:00\" \/>\n<meta property=\"article:modified_time\" content=\"2024-06-06T08:32:37+00:00\" \/>\n<meta property=\"og:image\" content=\"https:\/\/krissaintange.com\/news\/wp-content\/uploads\/sites\/4\/2024\/05\/acteur.jpg\" \/>\n\t<meta property=\"og:image:width\" content=\"700\" \/>\n\t<meta property=\"og:image:height\" content=\"525\" \/>\n\t<meta property=\"og:image:type\" content=\"image\/jpeg\" \/>\n<meta name=\"author\" content=\"KRIS SAINT ANGE\" \/>\n<meta name=\"twitter:card\" content=\"summary_large_image\" \/>\n<meta name=\"twitter:creator\" content=\"@KrisSaintAnge\" \/>\n<meta name=\"twitter:site\" content=\"@KrisSaintAnge\" \/>\n<meta name=\"twitter:label1\" content=\"\u00c9crit par\" \/>\n\t<meta name=\"twitter:data1\" content=\"KRIS SAINT ANGE\" \/>\n\t<meta name=\"twitter:label2\" content=\"Dur\u00e9e de lecture estim\u00e9e\" \/>\n\t<meta name=\"twitter:data2\" content=\"13 minutes\" \/>\n<script type=\"application\/ld+json\" class=\"yoast-schema-graph\">{\"@context\":\"https:\\\/\\\/schema.org\",\"@graph\":[{\"@type\":\"Article\",\"@id\":\"https:\\\/\\\/krissaintange.com\\\/news\\\/acteur-daujourdhuiengage-pour-demain-2\\\/#article\",\"isPartOf\":{\"@id\":\"https:\\\/\\\/krissaintange.com\\\/news\\\/acteur-daujourdhuiengage-pour-demain-2\\\/\"},\"author\":{\"name\":\"KRIS SAINT ANGE\",\"@id\":\"https:\\\/\\\/krissaintange.com\\\/news\\\/#\\\/schema\\\/person\\\/954f2d46b073ab6ee642d82051890b5e\"},\"headline\":\"Acteur d&rsquo;aujourd&rsquo;hui, Engag\u00e9 pour demain !\",\"datePublished\":\"2021-03-18T00:00:00+00:00\",\"dateModified\":\"2024-06-06T08:32:37+00:00\",\"mainEntityOfPage\":{\"@id\":\"https:\\\/\\\/krissaintange.com\\\/news\\\/acteur-daujourdhuiengage-pour-demain-2\\\/\"},\"wordCount\":3220,\"commentCount\":0,\"publisher\":{\"@id\":\"https:\\\/\\\/krissaintange.com\\\/news\\\/#organization\"},\"image\":{\"@id\":\"https:\\\/\\\/krissaintange.com\\\/news\\\/acteur-daujourdhuiengage-pour-demain-2\\\/#primaryimage\"},\"thumbnailUrl\":\"https:\\\/\\\/krissaintange.com\\\/news\\\/wp-content\\\/uploads\\\/sites\\\/4\\\/2024\\\/05\\\/acteur.jpg\",\"articleSection\":[\"Vie des Affaires\"],\"inLanguage\":\"fr-FR\",\"potentialAction\":[{\"@type\":\"CommentAction\",\"name\":\"Comment\",\"target\":[\"https:\\\/\\\/krissaintange.com\\\/news\\\/acteur-daujourdhuiengage-pour-demain-2\\\/#respond\"]}]},{\"@type\":\"WebPage\",\"@id\":\"https:\\\/\\\/krissaintange.com\\\/news\\\/acteur-daujourdhuiengage-pour-demain-2\\\/\",\"url\":\"https:\\\/\\\/krissaintange.com\\\/news\\\/acteur-daujourdhuiengage-pour-demain-2\\\/\",\"name\":\"Acteur d'aujourd'hui, Engag\u00e9 pour demain ! - Kris Saint Ange news\",\"isPartOf\":{\"@id\":\"https:\\\/\\\/krissaintange.com\\\/news\\\/#website\"},\"primaryImageOfPage\":{\"@id\":\"https:\\\/\\\/krissaintange.com\\\/news\\\/acteur-daujourdhuiengage-pour-demain-2\\\/#primaryimage\"},\"image\":{\"@id\":\"https:\\\/\\\/krissaintange.com\\\/news\\\/acteur-daujourdhuiengage-pour-demain-2\\\/#primaryimage\"},\"thumbnailUrl\":\"https:\\\/\\\/krissaintange.com\\\/news\\\/wp-content\\\/uploads\\\/sites\\\/4\\\/2024\\\/05\\\/acteur.jpg\",\"datePublished\":\"2021-03-18T00:00:00+00:00\",\"dateModified\":\"2024-06-06T08:32:37+00:00\",\"description\":\"Plongez dans l'interview de Michel Berreur, explorant sa carri\u00e8re et ses perspectives sur le monde actuel.\",\"breadcrumb\":{\"@id\":\"https:\\\/\\\/krissaintange.com\\\/news\\\/acteur-daujourdhuiengage-pour-demain-2\\\/#breadcrumb\"},\"inLanguage\":\"fr-FR\",\"potentialAction\":[{\"@type\":\"ReadAction\",\"target\":[\"https:\\\/\\\/krissaintange.com\\\/news\\\/acteur-daujourdhuiengage-pour-demain-2\\\/\"]}]},{\"@type\":\"ImageObject\",\"inLanguage\":\"fr-FR\",\"@id\":\"https:\\\/\\\/krissaintange.com\\\/news\\\/acteur-daujourdhuiengage-pour-demain-2\\\/#primaryimage\",\"url\":\"https:\\\/\\\/krissaintange.com\\\/news\\\/wp-content\\\/uploads\\\/sites\\\/4\\\/2024\\\/05\\\/acteur.jpg\",\"contentUrl\":\"https:\\\/\\\/krissaintange.com\\\/news\\\/wp-content\\\/uploads\\\/sites\\\/4\\\/2024\\\/05\\\/acteur.jpg\",\"width\":700,\"height\":525,\"caption\":\"Quatre hommes souriants, dont Michel Berreur, assis autour d'une table lors d'un \u00e9v\u00e9nement mondain, refl\u00e9tant une atmosph\u00e8re chaleureuse et conviviale, symbolisant les liens et les rencontres enrichissantes dans le monde du spectacle.\"},{\"@type\":\"BreadcrumbList\",\"@id\":\"https:\\\/\\\/krissaintange.com\\\/news\\\/acteur-daujourdhuiengage-pour-demain-2\\\/#breadcrumb\",\"itemListElement\":[{\"@type\":\"ListItem\",\"position\":1,\"name\":\"Accueil\",\"item\":\"https:\\\/\\\/krissaintange.com\\\/news\\\/\"},{\"@type\":\"ListItem\",\"position\":2,\"name\":\"Acteur d&rsquo;aujourd&rsquo;hui, Engag\u00e9 pour demain !\"}]},{\"@type\":\"WebSite\",\"@id\":\"https:\\\/\\\/krissaintange.com\\\/news\\\/#website\",\"url\":\"https:\\\/\\\/krissaintange.com\\\/news\\\/\",\"name\":\"Kris Saint Ange news\",\"description\":\"Pens\u00e9es Pr\u00e9cieuses pour un Avenir Lumineux.\",\"publisher\":{\"@id\":\"https:\\\/\\\/krissaintange.com\\\/news\\\/#organization\"},\"potentialAction\":[{\"@type\":\"SearchAction\",\"target\":{\"@type\":\"EntryPoint\",\"urlTemplate\":\"https:\\\/\\\/krissaintange.com\\\/news\\\/?s={search_term_string}\"},\"query-input\":{\"@type\":\"PropertyValueSpecification\",\"valueRequired\":true,\"valueName\":\"search_term_string\"}}],\"inLanguage\":\"fr-FR\"},{\"@type\":\"Organization\",\"@id\":\"https:\\\/\\\/krissaintange.com\\\/news\\\/#organization\",\"name\":\"Kris Saint Ange news\",\"url\":\"https:\\\/\\\/krissaintange.com\\\/news\\\/\",\"logo\":{\"@type\":\"ImageObject\",\"inLanguage\":\"fr-FR\",\"@id\":\"https:\\\/\\\/krissaintange.com\\\/news\\\/#\\\/schema\\\/logo\\\/image\\\/\",\"url\":\"https:\\\/\\\/krissaintange.com\\\/news\\\/wp-content\\\/uploads\\\/sites\\\/4\\\/2024\\\/04\\\/logo-blanc-fond-noir-NEWS.png\",\"contentUrl\":\"https:\\\/\\\/krissaintange.com\\\/news\\\/wp-content\\\/uploads\\\/sites\\\/4\\\/2024\\\/04\\\/logo-blanc-fond-noir-NEWS.png\",\"width\":500,\"height\":500,\"caption\":\"Kris Saint Ange news\"},\"image\":{\"@id\":\"https:\\\/\\\/krissaintange.com\\\/news\\\/#\\\/schema\\\/logo\\\/image\\\/\"},\"sameAs\":[\"https:\\\/\\\/www.facebook.com\\\/krissaintange\\\/\",\"https:\\\/\\\/x.com\\\/KrisSaintAnge\",\"https:\\\/\\\/www.instagram.com\\\/krissaintange\\\/\",\"https:\\\/\\\/www.linkedin.com\\\/in\\\/krissaintange\\\/\"]},{\"@type\":\"Person\",\"@id\":\"https:\\\/\\\/krissaintange.com\\\/news\\\/#\\\/schema\\\/person\\\/954f2d46b073ab6ee642d82051890b5e\",\"name\":\"KRIS SAINT ANGE\",\"pronouns\":\"elle\",\"image\":{\"@type\":\"ImageObject\",\"inLanguage\":\"fr-FR\",\"@id\":\"https:\\\/\\\/krissaintange.com\\\/news\\\/wp-content\\\/litespeed\\\/avatar\\\/4\\\/fbaf888568e0f9acb2bd88c54aefd249.jpg?ver=1776884513\",\"url\":\"https:\\\/\\\/krissaintange.com\\\/news\\\/wp-content\\\/litespeed\\\/avatar\\\/4\\\/fbaf888568e0f9acb2bd88c54aefd249.jpg?ver=1776884513\",\"contentUrl\":\"https:\\\/\\\/krissaintange.com\\\/news\\\/wp-content\\\/litespeed\\\/avatar\\\/4\\\/fbaf888568e0f9acb2bd88c54aefd249.jpg?ver=1776884513\",\"caption\":\"KRIS SAINT ANGE\"},\"description\":\"M\u00e9dium de naissance, Kris Saint Ange puise sa m\u00e9thodologie dans une dualit\u00e9 assum\u00e9e : la pens\u00e9e rationnelle et les outils du leadership contemporain, alli\u00e9s \u00e0 la capacit\u00e9 de lire les flux invisibles qui traversent les individus et les syst\u00e8mes. Depuis plus de 15 ans, elle accompagne dirigeants, diplomates, institutions et particuliers pour d\u00e9crypter les tensions, anticiper les crises et faire na\u00eetre des d\u00e9cisions align\u00e9es, tactiques et profond\u00e9ment humaines.\",\"sameAs\":[\"https:\\\/\\\/krissaintange.com\",\"https:\\\/\\\/www.facebook.com\\\/krissaintange\\\/\",\"https:\\\/\\\/www.instagram.com\\\/krissaintange\\\/\",\"https:\\\/\\\/www.linkedin.com\\\/in\\\/krissaintange\\\/\",\"https:\\\/\\\/fr.pinterest.com\\\/krissaintange\\\/\",\"https:\\\/\\\/x.com\\\/KrisSaintAnge\",\"https:\\\/\\\/www.youtube.com\\\/@KrisSaintAnge\"],\"url\":\"https:\\\/\\\/krissaintange.com\\\/news\\\/author\\\/krissaintange\\\/\"}]}<\/script>\n<!-- \/ Yoast SEO plugin. -->","yoast_head_json":{"title":"Acteur d'aujourd'hui, Engag\u00e9 pour demain ! - Kris Saint Ange news","description":"Plongez dans l'interview de Michel Berreur, explorant sa carri\u00e8re et ses perspectives sur le monde actuel.","robots":{"index":"index","follow":"follow","max-snippet":"max-snippet:-1","max-image-preview":"max-image-preview:large","max-video-preview":"max-video-preview:-1"},"canonical":"https:\/\/krissaintange.com\/news\/acteur-daujourdhuiengage-pour-demain-2\/","og_locale":"fr_FR","og_type":"article","og_title":"Acteur d'aujourd'hui, Engag\u00e9 pour demain ! - Kris Saint Ange news","og_description":"Plongez dans l'interview de Michel Berreur, explorant sa carri\u00e8re et ses perspectives sur le monde actuel.","og_url":"https:\/\/krissaintange.com\/news\/acteur-daujourdhuiengage-pour-demain-2\/","og_site_name":"Kris Saint Ange news","article_publisher":"https:\/\/www.facebook.com\/krissaintange\/","article_author":"https:\/\/www.facebook.com\/krissaintange\/","article_published_time":"2021-03-18T00:00:00+00:00","article_modified_time":"2024-06-06T08:32:37+00:00","og_image":[{"width":700,"height":525,"url":"https:\/\/krissaintange.com\/news\/wp-content\/uploads\/sites\/4\/2024\/05\/acteur.jpg","type":"image\/jpeg"}],"author":"KRIS SAINT ANGE","twitter_card":"summary_large_image","twitter_creator":"@KrisSaintAnge","twitter_site":"@KrisSaintAnge","twitter_misc":{"\u00c9crit par":"KRIS SAINT ANGE","Dur\u00e9e de lecture estim\u00e9e":"13 minutes"},"schema":{"@context":"https:\/\/schema.org","@graph":[{"@type":"Article","@id":"https:\/\/krissaintange.com\/news\/acteur-daujourdhuiengage-pour-demain-2\/#article","isPartOf":{"@id":"https:\/\/krissaintange.com\/news\/acteur-daujourdhuiengage-pour-demain-2\/"},"author":{"name":"KRIS SAINT ANGE","@id":"https:\/\/krissaintange.com\/news\/#\/schema\/person\/954f2d46b073ab6ee642d82051890b5e"},"headline":"Acteur d&rsquo;aujourd&rsquo;hui, Engag\u00e9 pour demain !","datePublished":"2021-03-18T00:00:00+00:00","dateModified":"2024-06-06T08:32:37+00:00","mainEntityOfPage":{"@id":"https:\/\/krissaintange.com\/news\/acteur-daujourdhuiengage-pour-demain-2\/"},"wordCount":3220,"commentCount":0,"publisher":{"@id":"https:\/\/krissaintange.com\/news\/#organization"},"image":{"@id":"https:\/\/krissaintange.com\/news\/acteur-daujourdhuiengage-pour-demain-2\/#primaryimage"},"thumbnailUrl":"https:\/\/krissaintange.com\/news\/wp-content\/uploads\/sites\/4\/2024\/05\/acteur.jpg","articleSection":["Vie des Affaires"],"inLanguage":"fr-FR","potentialAction":[{"@type":"CommentAction","name":"Comment","target":["https:\/\/krissaintange.com\/news\/acteur-daujourdhuiengage-pour-demain-2\/#respond"]}]},{"@type":"WebPage","@id":"https:\/\/krissaintange.com\/news\/acteur-daujourdhuiengage-pour-demain-2\/","url":"https:\/\/krissaintange.com\/news\/acteur-daujourdhuiengage-pour-demain-2\/","name":"Acteur d'aujourd'hui, Engag\u00e9 pour demain ! - Kris Saint Ange news","isPartOf":{"@id":"https:\/\/krissaintange.com\/news\/#website"},"primaryImageOfPage":{"@id":"https:\/\/krissaintange.com\/news\/acteur-daujourdhuiengage-pour-demain-2\/#primaryimage"},"image":{"@id":"https:\/\/krissaintange.com\/news\/acteur-daujourdhuiengage-pour-demain-2\/#primaryimage"},"thumbnailUrl":"https:\/\/krissaintange.com\/news\/wp-content\/uploads\/sites\/4\/2024\/05\/acteur.jpg","datePublished":"2021-03-18T00:00:00+00:00","dateModified":"2024-06-06T08:32:37+00:00","description":"Plongez dans l'interview de Michel Berreur, explorant sa carri\u00e8re et ses perspectives sur le monde actuel.","breadcrumb":{"@id":"https:\/\/krissaintange.com\/news\/acteur-daujourdhuiengage-pour-demain-2\/#breadcrumb"},"inLanguage":"fr-FR","potentialAction":[{"@type":"ReadAction","target":["https:\/\/krissaintange.com\/news\/acteur-daujourdhuiengage-pour-demain-2\/"]}]},{"@type":"ImageObject","inLanguage":"fr-FR","@id":"https:\/\/krissaintange.com\/news\/acteur-daujourdhuiengage-pour-demain-2\/#primaryimage","url":"https:\/\/krissaintange.com\/news\/wp-content\/uploads\/sites\/4\/2024\/05\/acteur.jpg","contentUrl":"https:\/\/krissaintange.com\/news\/wp-content\/uploads\/sites\/4\/2024\/05\/acteur.jpg","width":700,"height":525,"caption":"Quatre hommes souriants, dont Michel Berreur, assis autour d'une table lors d'un \u00e9v\u00e9nement mondain, refl\u00e9tant une atmosph\u00e8re chaleureuse et conviviale, symbolisant les liens et les rencontres enrichissantes dans le monde du spectacle."},{"@type":"BreadcrumbList","@id":"https:\/\/krissaintange.com\/news\/acteur-daujourdhuiengage-pour-demain-2\/#breadcrumb","itemListElement":[{"@type":"ListItem","position":1,"name":"Accueil","item":"https:\/\/krissaintange.com\/news\/"},{"@type":"ListItem","position":2,"name":"Acteur d&rsquo;aujourd&rsquo;hui, Engag\u00e9 pour demain !"}]},{"@type":"WebSite","@id":"https:\/\/krissaintange.com\/news\/#website","url":"https:\/\/krissaintange.com\/news\/","name":"Kris Saint Ange news","description":"Pens\u00e9es Pr\u00e9cieuses pour un Avenir Lumineux.","publisher":{"@id":"https:\/\/krissaintange.com\/news\/#organization"},"potentialAction":[{"@type":"SearchAction","target":{"@type":"EntryPoint","urlTemplate":"https:\/\/krissaintange.com\/news\/?s={search_term_string}"},"query-input":{"@type":"PropertyValueSpecification","valueRequired":true,"valueName":"search_term_string"}}],"inLanguage":"fr-FR"},{"@type":"Organization","@id":"https:\/\/krissaintange.com\/news\/#organization","name":"Kris Saint Ange news","url":"https:\/\/krissaintange.com\/news\/","logo":{"@type":"ImageObject","inLanguage":"fr-FR","@id":"https:\/\/krissaintange.com\/news\/#\/schema\/logo\/image\/","url":"https:\/\/krissaintange.com\/news\/wp-content\/uploads\/sites\/4\/2024\/04\/logo-blanc-fond-noir-NEWS.png","contentUrl":"https:\/\/krissaintange.com\/news\/wp-content\/uploads\/sites\/4\/2024\/04\/logo-blanc-fond-noir-NEWS.png","width":500,"height":500,"caption":"Kris Saint Ange news"},"image":{"@id":"https:\/\/krissaintange.com\/news\/#\/schema\/logo\/image\/"},"sameAs":["https:\/\/www.facebook.com\/krissaintange\/","https:\/\/x.com\/KrisSaintAnge","https:\/\/www.instagram.com\/krissaintange\/","https:\/\/www.linkedin.com\/in\/krissaintange\/"]},{"@type":"Person","@id":"https:\/\/krissaintange.com\/news\/#\/schema\/person\/954f2d46b073ab6ee642d82051890b5e","name":"KRIS SAINT ANGE","pronouns":"elle","image":{"@type":"ImageObject","inLanguage":"fr-FR","@id":"https:\/\/krissaintange.com\/news\/wp-content\/litespeed\/avatar\/4\/fbaf888568e0f9acb2bd88c54aefd249.jpg?ver=1776884513","url":"https:\/\/krissaintange.com\/news\/wp-content\/litespeed\/avatar\/4\/fbaf888568e0f9acb2bd88c54aefd249.jpg?ver=1776884513","contentUrl":"https:\/\/krissaintange.com\/news\/wp-content\/litespeed\/avatar\/4\/fbaf888568e0f9acb2bd88c54aefd249.jpg?ver=1776884513","caption":"KRIS SAINT ANGE"},"description":"M\u00e9dium de naissance, Kris Saint Ange puise sa m\u00e9thodologie dans une dualit\u00e9 assum\u00e9e : la pens\u00e9e rationnelle et les outils du leadership contemporain, alli\u00e9s \u00e0 la capacit\u00e9 de lire les flux invisibles qui traversent les individus et les syst\u00e8mes. Depuis plus de 15 ans, elle accompagne dirigeants, diplomates, institutions et particuliers pour d\u00e9crypter les tensions, anticiper les crises et faire na\u00eetre des d\u00e9cisions align\u00e9es, tactiques et profond\u00e9ment humaines.","sameAs":["https:\/\/krissaintange.com","https:\/\/www.facebook.com\/krissaintange\/","https:\/\/www.instagram.com\/krissaintange\/","https:\/\/www.linkedin.com\/in\/krissaintange\/","https:\/\/fr.pinterest.com\/krissaintange\/","https:\/\/x.com\/KrisSaintAnge","https:\/\/www.youtube.com\/@KrisSaintAnge"],"url":"https:\/\/krissaintange.com\/news\/author\/krissaintange\/"}]}},"_links":{"self":[{"href":"https:\/\/krissaintange.com\/news\/wp-json\/wp\/v2\/posts\/3069","targetHints":{"allow":["GET"]}}],"collection":[{"href":"https:\/\/krissaintange.com\/news\/wp-json\/wp\/v2\/posts"}],"about":[{"href":"https:\/\/krissaintange.com\/news\/wp-json\/wp\/v2\/types\/post"}],"author":[{"embeddable":true,"href":"https:\/\/krissaintange.com\/news\/wp-json\/wp\/v2\/users\/2"}],"replies":[{"embeddable":true,"href":"https:\/\/krissaintange.com\/news\/wp-json\/wp\/v2\/comments?post=3069"}],"version-history":[{"count":0,"href":"https:\/\/krissaintange.com\/news\/wp-json\/wp\/v2\/posts\/3069\/revisions"}],"wp:featuredmedia":[{"embeddable":true,"href":"https:\/\/krissaintange.com\/news\/wp-json\/wp\/v2\/media\/3075"}],"wp:attachment":[{"href":"https:\/\/krissaintange.com\/news\/wp-json\/wp\/v2\/media?parent=3069"}],"wp:term":[{"taxonomy":"category","embeddable":true,"href":"https:\/\/krissaintange.com\/news\/wp-json\/wp\/v2\/categories?post=3069"},{"taxonomy":"post_tag","embeddable":true,"href":"https:\/\/krissaintange.com\/news\/wp-json\/wp\/v2\/tags?post=3069"}],"curies":[{"name":"wp","href":"https:\/\/api.w.org\/{rel}","templated":true}]}}