{"id":3813,"date":"2025-06-17T21:41:46","date_gmt":"2025-06-17T19:41:46","guid":{"rendered":"https:\/\/krissaintange.com\/news\/?p=3813"},"modified":"2025-09-10T13:38:44","modified_gmt":"2025-09-10T11:38:44","slug":"reconnaissance-de-la-ligue-universelle-du-bien-public","status":"publish","type":"post","link":"https:\/\/krissaintange.com\/news\/reconnaissance-de-la-ligue-universelle-du-bien-public\/","title":{"rendered":"Reconnaissance de La Ligue Universelle Du Bien Public"},"content":{"rendered":"\n<p class=\"has-medium-font-size\">Chers Consultants, Partenaires et Amis,<\/p>\n\n\n\n<p class=\"has-medium-font-size\">Il y a la reconnaissance, celle qu\u2019on doit \u00e0 ses parents, \u00e0 ses amis, \u00e0 ses partenaires professionnels, \u00e0 la Nation, et il y a celle qui na\u00eet de moments comme celui-ci.<\/p>\n\n\n\n<p class=\"has-medium-font-size\">Ce 6 juin 2025 restera grav\u00e9 en moi comme un symbole \u00e9clatant de ce que la bienveillance collective peut accomplir.<\/p>\n\n\n\n<p class=\"has-medium-font-size\">L\u2019honneur que m\u2019a d\u00e9cern\u00e9 <a href=\"https:\/\/www.ligue-universelle-du-bien-public.com\/\">la Ligue Universelle du Bien Public <\/a>ne m\u2019appartient pas seule : il est le fruit d\u2019engagements partag\u00e9s, de convictions communes, et de ces mains tendues qui, discr\u00e8tement, portent les projets les plus audacieux.<\/p>\n\n\n\n<p class=\"has-medium-font-size\">\u00c0 chacune et chacun d\u2019entre vous, MERCI.<\/p>\n\n\n\n<p class=\"has-medium-font-size\">Mon parcours, forg\u00e9 au fil des rencontres et en qu\u00eate de sens face aux crises syst\u00e9miques, n\u2019aurait pu trouver sa pleine expression sans vos appuis.<\/p>\n\n\n\n<p class=\"has-medium-font-size\">Qu\u2019il s\u2019agisse de r\u00e9inventer le leadership avec l\u2019AFDE, de d\u00e9fendre une sant\u00e9 \u00e9thique aux c\u00f4t\u00e9s des victimes d\u2019infections nosocomiales, de guider vos reconversions professionnelles ou d\u2019aiguiller votre cheminement spirituel, ou encore de prot\u00e9ger les plus vuln\u00e9rables \u2014 humains comme animaux \u2014, chaque action porte en elle cette certitude : la fragilit\u00e9, lorsqu\u2019elle est \u00e9cout\u00e9e, devient le socle de r\u00e9siliences inattendues.<\/p>\n\n\n\n<p class=\"has-medium-font-size\">Votre confiance a permis de concr\u00e9tiser une vision o\u00f9 Performance et \u00c9thique ne s\u2019opposent plus, o\u00f9 le \u00ab Leadership Liminal \u00bb transforme les seuils d\u2019incertitude en leviers de progr\u00e8s. Ensemble, nous avons montr\u00e9 qu\u2019une institution forte est d\u2019abord une institution humaine, capable d\u2019allier strat\u00e9gie et empathie, rigueur et intuition.<\/p>\n\n\n\n<p class=\"has-medium-font-size\">L\u2019avenir nous appelle maintenant \u00e0 amplifier cette dynamique. Continuons d\u2019\u00e9riger la vuln\u00e9rabilit\u00e9 en force collective, de b\u00e2tir des \u00e9cosyst\u00e8mes o\u00f9 la dignit\u00e9 guide chaque d\u00e9cision.<\/p>\n\n\n\n<p class=\"has-medium-font-size\">Que nos prochains d\u00e9fis, qu\u2019ils soient \u00e9conomiques, sociaux ou spirituels, soient abord\u00e9s avec cette m\u00eame audace : celle de croire que le Bien Commun na\u00eet toujours d\u2019un dialogue entre les lumi\u00e8res de la raison et les profondeurs du c\u0153ur.<\/p>\n\n\n\n<p class=\"has-medium-font-size\">Guid\u00e9s par cette conviction, avan\u00e7ons avec gratitude et d\u00e9termination.<\/p>\n\n\n\n<p class=\"has-medium-font-size\"><a href=\"https:\/\/krissaintange.com\/\">Kristel HAVARD SAINT ANGE<\/a><br>Strat\u00e8ge en Leadership \u2022<br>Membre de l\u2019<a href=\"https:\/\/www.helloasso.com\/associations\/association-des-femmes-dirigeantes-europeennes\">AFDE<\/a> \u2022<br>D\u00e9finitivement Engag\u00e9e pour le Progr\u00e8s Humain<\/p>\n","protected":false},"excerpt":{"rendered":"<p>Chers Consultants, Partenaires et Amis, Il y a la reconnaissance, celle qu\u2019on doit \u00e0 ses parents, \u00e0 ses amis, \u00e0 ses partenaires professionnels, \u00e0 la Nation, et il y a celle qui na\u00eet de moments comme celui-ci. Ce 6 juin 2025 restera grav\u00e9 en moi comme un symbole \u00e9clatant de ce que la bienveillance collective [&hellip;]<\/p>\n","protected":false},"author":2,"featured_media":3814,"comment_status":"closed","ping_status":"open","sticky":false,"template":"","format":"standard","meta":{"footnotes":""},"categories":[4,5],"tags":[20],"class_list":["post-3813","post","type-post","status-publish","format-standard","has-post-thumbnail","hentry","category-vie-des-affaires","category-vie-privee","tag-avenir"],"yoast_head":"<!-- This site is optimized with the Yoast SEO plugin v27.4 - https:\/\/yoast.com\/product\/yoast-seo-wordpress\/ -->\n<title>Reconnaissance de La Ligue Universelle Du Bien Public<\/title>\n<meta name=\"description\" content=\"Croire que le Bien Commun na\u00eet toujours d\u2019un dialogue entre les lumi\u00e8res de la raison et les profondeurs du c\u0153ur.\" \/>\n<meta name=\"robots\" content=\"index, follow, max-snippet:-1, max-image-preview:large, max-video-preview:-1\" \/>\n<link rel=\"canonical\" href=\"https:\/\/krissaintange.com\/news\/reconnaissance-de-la-ligue-universelle-du-bien-public\/\" \/>\n<meta property=\"og:locale\" content=\"fr_FR\" \/>\n<meta property=\"og:type\" content=\"article\" \/>\n<meta property=\"og:title\" content=\"Reconnaissance de La Ligue Universelle Du Bien Public\" \/>\n<meta property=\"og:description\" content=\"Croire que le Bien Commun na\u00eet toujours d\u2019un dialogue entre les lumi\u00e8res de la raison et les profondeurs du c\u0153ur.\" \/>\n<meta property=\"og:url\" content=\"https:\/\/krissaintange.com\/news\/reconnaissance-de-la-ligue-universelle-du-bien-public\/\" \/>\n<meta property=\"og:site_name\" content=\"Kris Saint Ange news\" \/>\n<meta property=\"article:publisher\" content=\"https:\/\/www.facebook.com\/krissaintange\/\" \/>\n<meta property=\"article:author\" content=\"https:\/\/www.facebook.com\/krissaintange\/\" \/>\n<meta property=\"article:published_time\" content=\"2025-06-17T19:41:46+00:00\" \/>\n<meta property=\"article:modified_time\" content=\"2025-09-10T11:38:44+00:00\" \/>\n<meta property=\"og:image\" content=\"https:\/\/krissaintange.com\/news\/wp-content\/uploads\/sites\/4\/2025\/06\/senat-06-06-2025.jpg\" \/>\n\t<meta property=\"og:image:width\" content=\"855\" \/>\n\t<meta property=\"og:image:height\" content=\"951\" \/>\n\t<meta property=\"og:image:type\" content=\"image\/jpeg\" \/>\n<meta name=\"author\" content=\"KRIS SAINT ANGE\" \/>\n<meta name=\"twitter:card\" content=\"summary_large_image\" \/>\n<meta name=\"twitter:creator\" content=\"@KrisSaintAnge\" \/>\n<meta name=\"twitter:site\" content=\"@KrisSaintAnge\" \/>\n<meta name=\"twitter:label1\" content=\"\u00c9crit par\" \/>\n\t<meta name=\"twitter:data1\" content=\"KRIS SAINT ANGE\" \/>\n\t<meta name=\"twitter:label2\" content=\"Dur\u00e9e de lecture estim\u00e9e\" \/>\n\t<meta name=\"twitter:data2\" content=\"2 minutes\" \/>\n<script type=\"application\/ld+json\" class=\"yoast-schema-graph\">{\"@context\":\"https:\\\/\\\/schema.org\",\"@graph\":[{\"@type\":\"Article\",\"@id\":\"https:\\\/\\\/krissaintange.com\\\/news\\\/reconnaissance-de-la-ligue-universelle-du-bien-public\\\/#article\",\"isPartOf\":{\"@id\":\"https:\\\/\\\/krissaintange.com\\\/news\\\/reconnaissance-de-la-ligue-universelle-du-bien-public\\\/\"},\"author\":{\"name\":\"KRIS SAINT ANGE\",\"@id\":\"https:\\\/\\\/krissaintange.com\\\/news\\\/#\\\/schema\\\/person\\\/954f2d46b073ab6ee642d82051890b5e\"},\"headline\":\"Reconnaissance de La Ligue Universelle Du Bien Public\",\"datePublished\":\"2025-06-17T19:41:46+00:00\",\"dateModified\":\"2025-09-10T11:38:44+00:00\",\"mainEntityOfPage\":{\"@id\":\"https:\\\/\\\/krissaintange.com\\\/news\\\/reconnaissance-de-la-ligue-universelle-du-bien-public\\\/\"},\"wordCount\":374,\"publisher\":{\"@id\":\"https:\\\/\\\/krissaintange.com\\\/news\\\/#organization\"},\"image\":{\"@id\":\"https:\\\/\\\/krissaintange.com\\\/news\\\/reconnaissance-de-la-ligue-universelle-du-bien-public\\\/#primaryimage\"},\"thumbnailUrl\":\"https:\\\/\\\/krissaintange.com\\\/news\\\/wp-content\\\/uploads\\\/sites\\\/4\\\/2025\\\/06\\\/senat-06-06-2025.jpg\",\"keywords\":[\"avenir\"],\"articleSection\":[\"Vie des Affaires\",\"Vie priv\u00e9e\"],\"inLanguage\":\"fr-FR\"},{\"@type\":\"WebPage\",\"@id\":\"https:\\\/\\\/krissaintange.com\\\/news\\\/reconnaissance-de-la-ligue-universelle-du-bien-public\\\/\",\"url\":\"https:\\\/\\\/krissaintange.com\\\/news\\\/reconnaissance-de-la-ligue-universelle-du-bien-public\\\/\",\"name\":\"Reconnaissance de La Ligue Universelle Du Bien Public\",\"isPartOf\":{\"@id\":\"https:\\\/\\\/krissaintange.com\\\/news\\\/#website\"},\"primaryImageOfPage\":{\"@id\":\"https:\\\/\\\/krissaintange.com\\\/news\\\/reconnaissance-de-la-ligue-universelle-du-bien-public\\\/#primaryimage\"},\"image\":{\"@id\":\"https:\\\/\\\/krissaintange.com\\\/news\\\/reconnaissance-de-la-ligue-universelle-du-bien-public\\\/#primaryimage\"},\"thumbnailUrl\":\"https:\\\/\\\/krissaintange.com\\\/news\\\/wp-content\\\/uploads\\\/sites\\\/4\\\/2025\\\/06\\\/senat-06-06-2025.jpg\",\"datePublished\":\"2025-06-17T19:41:46+00:00\",\"dateModified\":\"2025-09-10T11:38:44+00:00\",\"description\":\"Croire que le Bien Commun na\u00eet toujours d\u2019un dialogue entre les lumi\u00e8res de la raison et les profondeurs du c\u0153ur.\",\"breadcrumb\":{\"@id\":\"https:\\\/\\\/krissaintange.com\\\/news\\\/reconnaissance-de-la-ligue-universelle-du-bien-public\\\/#breadcrumb\"},\"inLanguage\":\"fr-FR\",\"potentialAction\":[{\"@type\":\"ReadAction\",\"target\":[\"https:\\\/\\\/krissaintange.com\\\/news\\\/reconnaissance-de-la-ligue-universelle-du-bien-public\\\/\"]}]},{\"@type\":\"ImageObject\",\"inLanguage\":\"fr-FR\",\"@id\":\"https:\\\/\\\/krissaintange.com\\\/news\\\/reconnaissance-de-la-ligue-universelle-du-bien-public\\\/#primaryimage\",\"url\":\"https:\\\/\\\/krissaintange.com\\\/news\\\/wp-content\\\/uploads\\\/sites\\\/4\\\/2025\\\/06\\\/senat-06-06-2025.jpg\",\"contentUrl\":\"https:\\\/\\\/krissaintange.com\\\/news\\\/wp-content\\\/uploads\\\/sites\\\/4\\\/2025\\\/06\\\/senat-06-06-2025.jpg\",\"width\":855,\"height\":951,\"caption\":\"C\u00e9r\u00e9monie de remise de dipl\u00f4me de la Ligue Universelle du Bien Public au Luxembourg - Kris Saint Ange recevant sa distinction\"},{\"@type\":\"BreadcrumbList\",\"@id\":\"https:\\\/\\\/krissaintange.com\\\/news\\\/reconnaissance-de-la-ligue-universelle-du-bien-public\\\/#breadcrumb\",\"itemListElement\":[{\"@type\":\"ListItem\",\"position\":1,\"name\":\"Accueil\",\"item\":\"https:\\\/\\\/krissaintange.com\\\/news\\\/\"},{\"@type\":\"ListItem\",\"position\":2,\"name\":\"Reconnaissance de La Ligue Universelle Du Bien Public\"}]},{\"@type\":\"WebSite\",\"@id\":\"https:\\\/\\\/krissaintange.com\\\/news\\\/#website\",\"url\":\"https:\\\/\\\/krissaintange.com\\\/news\\\/\",\"name\":\"Kris Saint Ange news\",\"description\":\"Pens\u00e9es Pr\u00e9cieuses pour un Avenir Lumineux.\",\"publisher\":{\"@id\":\"https:\\\/\\\/krissaintange.com\\\/news\\\/#organization\"},\"potentialAction\":[{\"@type\":\"SearchAction\",\"target\":{\"@type\":\"EntryPoint\",\"urlTemplate\":\"https:\\\/\\\/krissaintange.com\\\/news\\\/?s={search_term_string}\"},\"query-input\":{\"@type\":\"PropertyValueSpecification\",\"valueRequired\":true,\"valueName\":\"search_term_string\"}}],\"inLanguage\":\"fr-FR\"},{\"@type\":\"Organization\",\"@id\":\"https:\\\/\\\/krissaintange.com\\\/news\\\/#organization\",\"name\":\"Kris Saint Ange news\",\"url\":\"https:\\\/\\\/krissaintange.com\\\/news\\\/\",\"logo\":{\"@type\":\"ImageObject\",\"inLanguage\":\"fr-FR\",\"@id\":\"https:\\\/\\\/krissaintange.com\\\/news\\\/#\\\/schema\\\/logo\\\/image\\\/\",\"url\":\"https:\\\/\\\/krissaintange.com\\\/news\\\/wp-content\\\/uploads\\\/sites\\\/4\\\/2024\\\/04\\\/logo-blanc-fond-noir-NEWS.png\",\"contentUrl\":\"https:\\\/\\\/krissaintange.com\\\/news\\\/wp-content\\\/uploads\\\/sites\\\/4\\\/2024\\\/04\\\/logo-blanc-fond-noir-NEWS.png\",\"width\":500,\"height\":500,\"caption\":\"Kris Saint Ange news\"},\"image\":{\"@id\":\"https:\\\/\\\/krissaintange.com\\\/news\\\/#\\\/schema\\\/logo\\\/image\\\/\"},\"sameAs\":[\"https:\\\/\\\/www.facebook.com\\\/krissaintange\\\/\",\"https:\\\/\\\/x.com\\\/KrisSaintAnge\",\"https:\\\/\\\/www.instagram.com\\\/krissaintange\\\/\",\"https:\\\/\\\/www.linkedin.com\\\/in\\\/krissaintange\\\/\"]},{\"@type\":\"Person\",\"@id\":\"https:\\\/\\\/krissaintange.com\\\/news\\\/#\\\/schema\\\/person\\\/954f2d46b073ab6ee642d82051890b5e\",\"name\":\"KRIS SAINT ANGE\",\"pronouns\":\"elle\",\"image\":{\"@type\":\"ImageObject\",\"inLanguage\":\"fr-FR\",\"@id\":\"https:\\\/\\\/krissaintange.com\\\/news\\\/wp-content\\\/litespeed\\\/avatar\\\/4\\\/fbaf888568e0f9acb2bd88c54aefd249.jpg?ver=1776884513\",\"url\":\"https:\\\/\\\/krissaintange.com\\\/news\\\/wp-content\\\/litespeed\\\/avatar\\\/4\\\/fbaf888568e0f9acb2bd88c54aefd249.jpg?ver=1776884513\",\"contentUrl\":\"https:\\\/\\\/krissaintange.com\\\/news\\\/wp-content\\\/litespeed\\\/avatar\\\/4\\\/fbaf888568e0f9acb2bd88c54aefd249.jpg?ver=1776884513\",\"caption\":\"KRIS SAINT ANGE\"},\"description\":\"M\u00e9dium de naissance, Kris Saint Ange puise sa m\u00e9thodologie dans une dualit\u00e9 assum\u00e9e : la pens\u00e9e rationnelle et les outils du leadership contemporain, alli\u00e9s \u00e0 la capacit\u00e9 de lire les flux invisibles qui traversent les individus et les syst\u00e8mes. Depuis plus de 15 ans, elle accompagne dirigeants, diplomates, institutions et particuliers pour d\u00e9crypter les tensions, anticiper les crises et faire na\u00eetre des d\u00e9cisions align\u00e9es, tactiques et profond\u00e9ment humaines.\",\"sameAs\":[\"https:\\\/\\\/krissaintange.com\",\"https:\\\/\\\/www.facebook.com\\\/krissaintange\\\/\",\"https:\\\/\\\/www.instagram.com\\\/krissaintange\\\/\",\"https:\\\/\\\/www.linkedin.com\\\/in\\\/krissaintange\\\/\",\"https:\\\/\\\/fr.pinterest.com\\\/krissaintange\\\/\",\"https:\\\/\\\/x.com\\\/KrisSaintAnge\",\"https:\\\/\\\/www.youtube.com\\\/@KrisSaintAnge\"],\"url\":\"https:\\\/\\\/krissaintange.com\\\/news\\\/author\\\/krissaintange\\\/\"}]}<\/script>\n<!-- \/ Yoast SEO plugin. -->","yoast_head_json":{"title":"Reconnaissance de La Ligue Universelle Du Bien Public","description":"Croire que le Bien Commun na\u00eet toujours d\u2019un dialogue entre les lumi\u00e8res de la raison et les profondeurs du c\u0153ur.","robots":{"index":"index","follow":"follow","max-snippet":"max-snippet:-1","max-image-preview":"max-image-preview:large","max-video-preview":"max-video-preview:-1"},"canonical":"https:\/\/krissaintange.com\/news\/reconnaissance-de-la-ligue-universelle-du-bien-public\/","og_locale":"fr_FR","og_type":"article","og_title":"Reconnaissance de La Ligue Universelle Du Bien Public","og_description":"Croire que le Bien Commun na\u00eet toujours d\u2019un dialogue entre les lumi\u00e8res de la raison et les profondeurs du c\u0153ur.","og_url":"https:\/\/krissaintange.com\/news\/reconnaissance-de-la-ligue-universelle-du-bien-public\/","og_site_name":"Kris Saint Ange news","article_publisher":"https:\/\/www.facebook.com\/krissaintange\/","article_author":"https:\/\/www.facebook.com\/krissaintange\/","article_published_time":"2025-06-17T19:41:46+00:00","article_modified_time":"2025-09-10T11:38:44+00:00","og_image":[{"width":855,"height":951,"url":"https:\/\/krissaintange.com\/news\/wp-content\/uploads\/sites\/4\/2025\/06\/senat-06-06-2025.jpg","type":"image\/jpeg"}],"author":"KRIS SAINT ANGE","twitter_card":"summary_large_image","twitter_creator":"@KrisSaintAnge","twitter_site":"@KrisSaintAnge","twitter_misc":{"\u00c9crit par":"KRIS SAINT ANGE","Dur\u00e9e de lecture estim\u00e9e":"2 minutes"},"schema":{"@context":"https:\/\/schema.org","@graph":[{"@type":"Article","@id":"https:\/\/krissaintange.com\/news\/reconnaissance-de-la-ligue-universelle-du-bien-public\/#article","isPartOf":{"@id":"https:\/\/krissaintange.com\/news\/reconnaissance-de-la-ligue-universelle-du-bien-public\/"},"author":{"name":"KRIS SAINT ANGE","@id":"https:\/\/krissaintange.com\/news\/#\/schema\/person\/954f2d46b073ab6ee642d82051890b5e"},"headline":"Reconnaissance de La Ligue Universelle Du Bien Public","datePublished":"2025-06-17T19:41:46+00:00","dateModified":"2025-09-10T11:38:44+00:00","mainEntityOfPage":{"@id":"https:\/\/krissaintange.com\/news\/reconnaissance-de-la-ligue-universelle-du-bien-public\/"},"wordCount":374,"publisher":{"@id":"https:\/\/krissaintange.com\/news\/#organization"},"image":{"@id":"https:\/\/krissaintange.com\/news\/reconnaissance-de-la-ligue-universelle-du-bien-public\/#primaryimage"},"thumbnailUrl":"https:\/\/krissaintange.com\/news\/wp-content\/uploads\/sites\/4\/2025\/06\/senat-06-06-2025.jpg","keywords":["avenir"],"articleSection":["Vie des Affaires","Vie priv\u00e9e"],"inLanguage":"fr-FR"},{"@type":"WebPage","@id":"https:\/\/krissaintange.com\/news\/reconnaissance-de-la-ligue-universelle-du-bien-public\/","url":"https:\/\/krissaintange.com\/news\/reconnaissance-de-la-ligue-universelle-du-bien-public\/","name":"Reconnaissance de La Ligue Universelle Du Bien Public","isPartOf":{"@id":"https:\/\/krissaintange.com\/news\/#website"},"primaryImageOfPage":{"@id":"https:\/\/krissaintange.com\/news\/reconnaissance-de-la-ligue-universelle-du-bien-public\/#primaryimage"},"image":{"@id":"https:\/\/krissaintange.com\/news\/reconnaissance-de-la-ligue-universelle-du-bien-public\/#primaryimage"},"thumbnailUrl":"https:\/\/krissaintange.com\/news\/wp-content\/uploads\/sites\/4\/2025\/06\/senat-06-06-2025.jpg","datePublished":"2025-06-17T19:41:46+00:00","dateModified":"2025-09-10T11:38:44+00:00","description":"Croire que le Bien Commun na\u00eet toujours d\u2019un dialogue entre les lumi\u00e8res de la raison et les profondeurs du c\u0153ur.","breadcrumb":{"@id":"https:\/\/krissaintange.com\/news\/reconnaissance-de-la-ligue-universelle-du-bien-public\/#breadcrumb"},"inLanguage":"fr-FR","potentialAction":[{"@type":"ReadAction","target":["https:\/\/krissaintange.com\/news\/reconnaissance-de-la-ligue-universelle-du-bien-public\/"]}]},{"@type":"ImageObject","inLanguage":"fr-FR","@id":"https:\/\/krissaintange.com\/news\/reconnaissance-de-la-ligue-universelle-du-bien-public\/#primaryimage","url":"https:\/\/krissaintange.com\/news\/wp-content\/uploads\/sites\/4\/2025\/06\/senat-06-06-2025.jpg","contentUrl":"https:\/\/krissaintange.com\/news\/wp-content\/uploads\/sites\/4\/2025\/06\/senat-06-06-2025.jpg","width":855,"height":951,"caption":"C\u00e9r\u00e9monie de remise de dipl\u00f4me de la Ligue Universelle du Bien Public au Luxembourg - Kris Saint Ange recevant sa distinction"},{"@type":"BreadcrumbList","@id":"https:\/\/krissaintange.com\/news\/reconnaissance-de-la-ligue-universelle-du-bien-public\/#breadcrumb","itemListElement":[{"@type":"ListItem","position":1,"name":"Accueil","item":"https:\/\/krissaintange.com\/news\/"},{"@type":"ListItem","position":2,"name":"Reconnaissance de La Ligue Universelle Du Bien Public"}]},{"@type":"WebSite","@id":"https:\/\/krissaintange.com\/news\/#website","url":"https:\/\/krissaintange.com\/news\/","name":"Kris Saint Ange news","description":"Pens\u00e9es Pr\u00e9cieuses pour un Avenir Lumineux.","publisher":{"@id":"https:\/\/krissaintange.com\/news\/#organization"},"potentialAction":[{"@type":"SearchAction","target":{"@type":"EntryPoint","urlTemplate":"https:\/\/krissaintange.com\/news\/?s={search_term_string}"},"query-input":{"@type":"PropertyValueSpecification","valueRequired":true,"valueName":"search_term_string"}}],"inLanguage":"fr-FR"},{"@type":"Organization","@id":"https:\/\/krissaintange.com\/news\/#organization","name":"Kris Saint Ange news","url":"https:\/\/krissaintange.com\/news\/","logo":{"@type":"ImageObject","inLanguage":"fr-FR","@id":"https:\/\/krissaintange.com\/news\/#\/schema\/logo\/image\/","url":"https:\/\/krissaintange.com\/news\/wp-content\/uploads\/sites\/4\/2024\/04\/logo-blanc-fond-noir-NEWS.png","contentUrl":"https:\/\/krissaintange.com\/news\/wp-content\/uploads\/sites\/4\/2024\/04\/logo-blanc-fond-noir-NEWS.png","width":500,"height":500,"caption":"Kris Saint Ange news"},"image":{"@id":"https:\/\/krissaintange.com\/news\/#\/schema\/logo\/image\/"},"sameAs":["https:\/\/www.facebook.com\/krissaintange\/","https:\/\/x.com\/KrisSaintAnge","https:\/\/www.instagram.com\/krissaintange\/","https:\/\/www.linkedin.com\/in\/krissaintange\/"]},{"@type":"Person","@id":"https:\/\/krissaintange.com\/news\/#\/schema\/person\/954f2d46b073ab6ee642d82051890b5e","name":"KRIS SAINT ANGE","pronouns":"elle","image":{"@type":"ImageObject","inLanguage":"fr-FR","@id":"https:\/\/krissaintange.com\/news\/wp-content\/litespeed\/avatar\/4\/fbaf888568e0f9acb2bd88c54aefd249.jpg?ver=1776884513","url":"https:\/\/krissaintange.com\/news\/wp-content\/litespeed\/avatar\/4\/fbaf888568e0f9acb2bd88c54aefd249.jpg?ver=1776884513","contentUrl":"https:\/\/krissaintange.com\/news\/wp-content\/litespeed\/avatar\/4\/fbaf888568e0f9acb2bd88c54aefd249.jpg?ver=1776884513","caption":"KRIS SAINT ANGE"},"description":"M\u00e9dium de naissance, Kris Saint Ange puise sa m\u00e9thodologie dans une dualit\u00e9 assum\u00e9e : la pens\u00e9e rationnelle et les outils du leadership contemporain, alli\u00e9s \u00e0 la capacit\u00e9 de lire les flux invisibles qui traversent les individus et les syst\u00e8mes. Depuis plus de 15 ans, elle accompagne dirigeants, diplomates, institutions et particuliers pour d\u00e9crypter les tensions, anticiper les crises et faire na\u00eetre des d\u00e9cisions align\u00e9es, tactiques et profond\u00e9ment humaines.","sameAs":["https:\/\/krissaintange.com","https:\/\/www.facebook.com\/krissaintange\/","https:\/\/www.instagram.com\/krissaintange\/","https:\/\/www.linkedin.com\/in\/krissaintange\/","https:\/\/fr.pinterest.com\/krissaintange\/","https:\/\/x.com\/KrisSaintAnge","https:\/\/www.youtube.com\/@KrisSaintAnge"],"url":"https:\/\/krissaintange.com\/news\/author\/krissaintange\/"}]}},"_links":{"self":[{"href":"https:\/\/krissaintange.com\/news\/wp-json\/wp\/v2\/posts\/3813","targetHints":{"allow":["GET"]}}],"collection":[{"href":"https:\/\/krissaintange.com\/news\/wp-json\/wp\/v2\/posts"}],"about":[{"href":"https:\/\/krissaintange.com\/news\/wp-json\/wp\/v2\/types\/post"}],"author":[{"embeddable":true,"href":"https:\/\/krissaintange.com\/news\/wp-json\/wp\/v2\/users\/2"}],"replies":[{"embeddable":true,"href":"https:\/\/krissaintange.com\/news\/wp-json\/wp\/v2\/comments?post=3813"}],"version-history":[{"count":0,"href":"https:\/\/krissaintange.com\/news\/wp-json\/wp\/v2\/posts\/3813\/revisions"}],"wp:featuredmedia":[{"embeddable":true,"href":"https:\/\/krissaintange.com\/news\/wp-json\/wp\/v2\/media\/3814"}],"wp:attachment":[{"href":"https:\/\/krissaintange.com\/news\/wp-json\/wp\/v2\/media?parent=3813"}],"wp:term":[{"taxonomy":"category","embeddable":true,"href":"https:\/\/krissaintange.com\/news\/wp-json\/wp\/v2\/categories?post=3813"},{"taxonomy":"post_tag","embeddable":true,"href":"https:\/\/krissaintange.com\/news\/wp-json\/wp\/v2\/tags?post=3813"}],"curies":[{"name":"wp","href":"https:\/\/api.w.org\/{rel}","templated":true}]}}