{"id":3947,"date":"2025-06-17T20:46:39","date_gmt":"2025-06-17T20:46:39","guid":{"rendered":"https:\/\/krissaintange.com\/news\/un-honneur-partage-pour-un-progres-universel-2\/"},"modified":"2026-02-17T01:13:52","modified_gmt":"2026-02-17T00:13:52","slug":"un-honneur-partage-pour-un-progres-universel","status":"publish","type":"post","link":"https:\/\/krissaintange.com\/news\/un-honneur-partage-pour-un-progres-universel\/","title":{"rendered":"Un Honneur partag\u00e9 pour un Progr\u00e8s Universel"},"content":{"rendered":"\n<p class=\"has-medium-font-size\">Chers Collaborateurs, Partenaires et Amis,<\/p>\n\n\n\n<p class=\"has-medium-font-size\">Ce 6 juin, sous les ors symboliques du <a href=\"https:\/\/www.senat.fr\/\">S\u00e9nat<\/a>, <a href=\"https:\/\/www.ligue-universelle-du-bien-public.com\/\">la Ligue Universelle du Bien Public<\/a> m\u2019a honor\u00e9e d\u2019une distinction qui transcende ma seule personne.<\/p>\n\n\n\n<p class=\"has-medium-font-size\">Cet hommage, cristallis\u00e9 dans l\u2019enceinte m\u00eame o\u00f9 se d\u00e9battent les grands \u00e9quilibres soci\u00e9taux, appartient \u00e0 l\u2019\u00e9cosyst\u00e8me d\u2019excellence et de g\u00e9n\u00e9rosit\u00e9 que nous co-construisons.<\/p>\n\n\n\n<p class=\"has-medium-font-size\">\u00c0 vous, j\u2019adresse ma profonde gratitude.<\/p>\n\n\n\n<p class=\"has-medium-font-size\">Mon parcours, marqu\u00e9 par l\u2019alliance paradoxale d\u2019un rationalisme acad\u00e9mique et d\u2019une qu\u00eate existentielle face aux fractures syst\u00e9miques, n\u2019aurait pu atteindre cette reconnaissance sans votre soutien.<\/p>\n\n\n\n<p class=\"has-medium-font-size\">Qu\u2019il s\u2019agisse de red\u00e9finir les paradigmes du leadership inclusif avec l\u2019<a href=\"https:\/\/www.helloasso.com\/associations\/association-des-femmes-dirigeantes-europeennes\">AFDE<\/a>, d\u2019\u00e9riger l\u2019\u00e9thique biom\u00e9dicale en rempart contre les d\u00e9rives iatrog\u00e8nes, ou de catalyser des m\u00e9tamorphoses professionnelles et psycho-spirituelles par des m\u00e9thodologies liminales : chaque initiative porte l\u2019empreinte de notre philosophie commune.<\/p>\n\n\n\n<p class=\"has-medium-font-size\">Votre lucidit\u00e9 op\u00e9rationnelle a permis de donner vie une gouvernance novatrice o\u00f9 la performance syst\u00e9mique se nourrit de vuln\u00e9rabilit\u00e9 transform\u00e9e en capital immat\u00e9riel. Le \u00ab Leadership Liminal \u00bb, d\u00e9j\u00e0 reconnu sur la sc\u00e8ne diplomatique, illustre cette capacit\u00e9 \u00e0 transcender les clivages : entre rigueur analytique et intelligence \u00e9motionnelle, entre imp\u00e9ratifs \u00e9conomiques et imp\u00e9rieuse dignit\u00e9 du vivant.<\/p>\n\n\n\n<p class=\"has-medium-font-size\">L\u2019Agenda 2030 des <a href=\"https:\/\/www.un.org\/fr\/\">Nations Unies<\/a> nous rappelle l\u2019urgence d\u2019une telle synergie.<\/p>\n\n\n\n<p class=\"has-medium-font-size\">\u00c0 l\u2019aune de ce jalon, engageons-nous \u00e0 intensifier notre impact multipolaire :<\/p>\n\n\n\n<p class=\"has-medium-font-size\">&#8211; Institutionnaliser les mod\u00e8les <a href=\"https:\/\/www.ligue-universelle-du-bien-public.com\/\">AFDE<\/a> comme leviers d\u2019acc\u00e9l\u00e9ration des Objectifs de D\u00e9veloppement Durable (<a href=\"https:\/\/www.un.org\/sustainabledevelopment\/fr\/objectifs-de-developpement-durable\/\">ODD 5 &amp; 8<\/a>),<\/p>\n\n\n\n<p class=\"has-medium-font-size\">&#8211; Syst\u00e9matiser les protocoles anti-iatrog\u00e8nes en sant\u00e9 publique, enjeu cruciaux pour l\u2019<a href=\"https:\/\/www.who.int\/fr\">OMS<\/a>,<\/p>\n\n\n\n<p class=\"has-medium-font-size\">&#8211; Structurer des ponts entre innovation manag\u00e9riale et sagesse ancestrale, cl\u00e9 des transitions \u00e9quitables.<\/p>\n\n\n\n<p class=\"has-medium-font-size\">Que les prochaines \u00e9tapes c\u00e9l\u00e8brent cette alliance entre rationalit\u00e9 et transcendance. Car c\u2019est \u00e0 l\u2019intersection des donn\u00e9es tangibles et des aspirations intangibles \u2013 entre la raison et le c\u0153ur \u2013 que se forge l\u2019\u00e9thique universelle que notre si\u00e8cle appelle de ses v\u0153ux.<\/p>\n\n\n\n<p class=\"has-medium-font-size\">Port\u00e9s par cette exigence, poursuivons notre \u0153uvre avec la rigueur des B\u00e2tisseurs d\u2019\u00c2mes Fortes.<\/p>\n\n\n\n<p class=\"has-medium-font-size\">Avec Coeur et Sinc\u00e9rit\u00e9 pour notre Engagement Commun<\/p>\n\n\n\n<p class=\"has-medium-font-size\"><a href=\"https:\/\/krissaintange.com\/\">Kristel HAVARD SAINT ANGE<\/a><br>Strat\u00e8ge en Leadership \u2022<br>Membre de l\u2019AFDE \u2022<br>D\u00e9finitivement Engag\u00e9e pour le Progr\u00e8s Humain<\/p>\n","protected":false},"excerpt":{"rendered":"<p>Chers Collaborateurs, Partenaires et Amis, Ce 6 juin, sous les ors symboliques du S\u00e9nat, la Ligue Universelle du Bien Public m\u2019a honor\u00e9e d\u2019une distinction qui transcende ma seule personne. Cet hommage, cristallis\u00e9 dans l\u2019enceinte m\u00eame o\u00f9 se d\u00e9battent les grands \u00e9quilibres soci\u00e9taux, appartient \u00e0 l\u2019\u00e9cosyst\u00e8me d\u2019excellence et de g\u00e9n\u00e9rosit\u00e9 que nous co-construisons. \u00c0 vous, j\u2019adresse [&hellip;]<\/p>\n","protected":false},"author":2,"featured_media":3827,"comment_status":"closed","ping_status":"open","sticky":false,"template":"","format":"standard","meta":{"footnotes":""},"categories":[4,5],"tags":[20],"class_list":["post-3947","post","type-post","status-publish","format-standard","has-post-thumbnail","hentry","category-vie-des-affaires","category-vie-privee","tag-avenir"],"yoast_head":"<!-- This site is optimized with the Yoast SEO plugin v27.4 - https:\/\/yoast.com\/product\/yoast-seo-wordpress\/ -->\n<title>Un Honneur partag\u00e9 pour un Progr\u00e8s Universel<\/title>\n<meta name=\"description\" content=\"C\u2019est \u00e0 l\u2019intersection des donn\u00e9es tangibles et intangibles que se forge l\u2019\u00e9thique universelle que notre si\u00e8cle appelle de ses v\u0153ux.\" \/>\n<meta name=\"robots\" content=\"index, follow, max-snippet:-1, max-image-preview:large, max-video-preview:-1\" \/>\n<link rel=\"canonical\" href=\"https:\/\/krissaintange.com\/news\/un-honneur-partage-pour-un-progres-universel\/\" \/>\n<meta property=\"og:locale\" content=\"fr_FR\" \/>\n<meta property=\"og:type\" content=\"article\" \/>\n<meta property=\"og:title\" content=\"Un Honneur partag\u00e9 pour un Progr\u00e8s Universel\" \/>\n<meta property=\"og:description\" content=\"C\u2019est \u00e0 l\u2019intersection des donn\u00e9es tangibles et intangibles que se forge l\u2019\u00e9thique universelle que notre si\u00e8cle appelle de ses v\u0153ux.\" \/>\n<meta property=\"og:url\" content=\"https:\/\/krissaintange.com\/news\/un-honneur-partage-pour-un-progres-universel\/\" \/>\n<meta property=\"og:site_name\" content=\"Kris Saint Ange news\" \/>\n<meta property=\"article:publisher\" content=\"https:\/\/www.facebook.com\/krissaintange\/\" \/>\n<meta property=\"article:author\" content=\"https:\/\/www.facebook.com\/krissaintange\/\" \/>\n<meta property=\"article:published_time\" content=\"2025-06-17T20:46:39+00:00\" \/>\n<meta property=\"article:modified_time\" content=\"2026-02-17T00:13:52+00:00\" \/>\n<meta property=\"og:image\" content=\"https:\/\/krissaintange.com\/news\/wp-content\/uploads\/sites\/4\/2025\/06\/ligue-universelle-du-bien-public-kristel-havard.jpg\" \/>\n\t<meta property=\"og:image:width\" content=\"750\" \/>\n\t<meta property=\"og:image:height\" content=\"1000\" \/>\n\t<meta property=\"og:image:type\" content=\"image\/jpeg\" \/>\n<meta name=\"author\" content=\"KRIS SAINT ANGE\" \/>\n<meta name=\"twitter:card\" content=\"summary_large_image\" \/>\n<meta name=\"twitter:creator\" content=\"@KrisSaintAnge\" \/>\n<meta name=\"twitter:site\" content=\"@KrisSaintAnge\" \/>\n<meta name=\"twitter:label1\" content=\"\u00c9crit par\" \/>\n\t<meta name=\"twitter:data1\" content=\"KRIS SAINT ANGE\" \/>\n\t<meta name=\"twitter:label2\" content=\"Dur\u00e9e de lecture estim\u00e9e\" \/>\n\t<meta name=\"twitter:data2\" content=\"2 minutes\" \/>\n<script type=\"application\/ld+json\" class=\"yoast-schema-graph\">{\"@context\":\"https:\\\/\\\/schema.org\",\"@graph\":[{\"@type\":\"Article\",\"@id\":\"https:\\\/\\\/krissaintange.com\\\/news\\\/un-honneur-partage-pour-un-progres-universel\\\/#article\",\"isPartOf\":{\"@id\":\"https:\\\/\\\/krissaintange.com\\\/news\\\/un-honneur-partage-pour-un-progres-universel\\\/\"},\"author\":{\"name\":\"KRIS SAINT ANGE\",\"@id\":\"https:\\\/\\\/krissaintange.com\\\/news\\\/#\\\/schema\\\/person\\\/954f2d46b073ab6ee642d82051890b5e\"},\"headline\":\"Un Honneur partag\u00e9 pour un Progr\u00e8s Universel\",\"datePublished\":\"2025-06-17T20:46:39+00:00\",\"dateModified\":\"2026-02-17T00:13:52+00:00\",\"mainEntityOfPage\":{\"@id\":\"https:\\\/\\\/krissaintange.com\\\/news\\\/un-honneur-partage-pour-un-progres-universel\\\/\"},\"wordCount\":390,\"publisher\":{\"@id\":\"https:\\\/\\\/krissaintange.com\\\/news\\\/#organization\"},\"image\":{\"@id\":\"https:\\\/\\\/krissaintange.com\\\/news\\\/un-honneur-partage-pour-un-progres-universel\\\/#primaryimage\"},\"thumbnailUrl\":\"https:\\\/\\\/krissaintange.com\\\/news\\\/wp-content\\\/uploads\\\/sites\\\/4\\\/2025\\\/06\\\/ligue-universelle-du-bien-public-kristel-havard.jpg\",\"keywords\":[\"avenir\"],\"articleSection\":[\"Vie des Affaires\",\"Vie priv\u00e9e\"],\"inLanguage\":\"fr-FR\"},{\"@type\":\"WebPage\",\"@id\":\"https:\\\/\\\/krissaintange.com\\\/news\\\/un-honneur-partage-pour-un-progres-universel\\\/\",\"url\":\"https:\\\/\\\/krissaintange.com\\\/news\\\/un-honneur-partage-pour-un-progres-universel\\\/\",\"name\":\"Un Honneur partag\u00e9 pour un Progr\u00e8s Universel\",\"isPartOf\":{\"@id\":\"https:\\\/\\\/krissaintange.com\\\/news\\\/#website\"},\"primaryImageOfPage\":{\"@id\":\"https:\\\/\\\/krissaintange.com\\\/news\\\/un-honneur-partage-pour-un-progres-universel\\\/#primaryimage\"},\"image\":{\"@id\":\"https:\\\/\\\/krissaintange.com\\\/news\\\/un-honneur-partage-pour-un-progres-universel\\\/#primaryimage\"},\"thumbnailUrl\":\"https:\\\/\\\/krissaintange.com\\\/news\\\/wp-content\\\/uploads\\\/sites\\\/4\\\/2025\\\/06\\\/ligue-universelle-du-bien-public-kristel-havard.jpg\",\"datePublished\":\"2025-06-17T20:46:39+00:00\",\"dateModified\":\"2026-02-17T00:13:52+00:00\",\"description\":\"C\u2019est \u00e0 l\u2019intersection des donn\u00e9es tangibles et intangibles que se forge l\u2019\u00e9thique universelle que notre si\u00e8cle appelle de ses v\u0153ux.\",\"breadcrumb\":{\"@id\":\"https:\\\/\\\/krissaintange.com\\\/news\\\/un-honneur-partage-pour-un-progres-universel\\\/#breadcrumb\"},\"inLanguage\":\"fr-FR\",\"potentialAction\":[{\"@type\":\"ReadAction\",\"target\":[\"https:\\\/\\\/krissaintange.com\\\/news\\\/un-honneur-partage-pour-un-progres-universel\\\/\"]}]},{\"@type\":\"ImageObject\",\"inLanguage\":\"fr-FR\",\"@id\":\"https:\\\/\\\/krissaintange.com\\\/news\\\/un-honneur-partage-pour-un-progres-universel\\\/#primaryimage\",\"url\":\"https:\\\/\\\/krissaintange.com\\\/news\\\/wp-content\\\/uploads\\\/sites\\\/4\\\/2025\\\/06\\\/ligue-universelle-du-bien-public-kristel-havard.jpg\",\"contentUrl\":\"https:\\\/\\\/krissaintange.com\\\/news\\\/wp-content\\\/uploads\\\/sites\\\/4\\\/2025\\\/06\\\/ligue-universelle-du-bien-public-kristel-havard.jpg\",\"width\":750,\"height\":1000,\"caption\":\"Kris Saint Ange lors d'une c\u00e9r\u00e9monie officielle au Luxembourg\"},{\"@type\":\"BreadcrumbList\",\"@id\":\"https:\\\/\\\/krissaintange.com\\\/news\\\/un-honneur-partage-pour-un-progres-universel\\\/#breadcrumb\",\"itemListElement\":[{\"@type\":\"ListItem\",\"position\":1,\"name\":\"Accueil\",\"item\":\"https:\\\/\\\/krissaintange.com\\\/news\\\/\"},{\"@type\":\"ListItem\",\"position\":2,\"name\":\"Un Honneur partag\u00e9 pour un Progr\u00e8s Universel\"}]},{\"@type\":\"WebSite\",\"@id\":\"https:\\\/\\\/krissaintange.com\\\/news\\\/#website\",\"url\":\"https:\\\/\\\/krissaintange.com\\\/news\\\/\",\"name\":\"Kris Saint Ange news\",\"description\":\"Pens\u00e9es Pr\u00e9cieuses pour un Avenir Lumineux.\",\"publisher\":{\"@id\":\"https:\\\/\\\/krissaintange.com\\\/news\\\/#organization\"},\"potentialAction\":[{\"@type\":\"SearchAction\",\"target\":{\"@type\":\"EntryPoint\",\"urlTemplate\":\"https:\\\/\\\/krissaintange.com\\\/news\\\/?s={search_term_string}\"},\"query-input\":{\"@type\":\"PropertyValueSpecification\",\"valueRequired\":true,\"valueName\":\"search_term_string\"}}],\"inLanguage\":\"fr-FR\"},{\"@type\":\"Organization\",\"@id\":\"https:\\\/\\\/krissaintange.com\\\/news\\\/#organization\",\"name\":\"Kris Saint Ange news\",\"url\":\"https:\\\/\\\/krissaintange.com\\\/news\\\/\",\"logo\":{\"@type\":\"ImageObject\",\"inLanguage\":\"fr-FR\",\"@id\":\"https:\\\/\\\/krissaintange.com\\\/news\\\/#\\\/schema\\\/logo\\\/image\\\/\",\"url\":\"https:\\\/\\\/krissaintange.com\\\/news\\\/wp-content\\\/uploads\\\/sites\\\/4\\\/2024\\\/04\\\/logo-blanc-fond-noir-NEWS.png\",\"contentUrl\":\"https:\\\/\\\/krissaintange.com\\\/news\\\/wp-content\\\/uploads\\\/sites\\\/4\\\/2024\\\/04\\\/logo-blanc-fond-noir-NEWS.png\",\"width\":500,\"height\":500,\"caption\":\"Kris Saint Ange news\"},\"image\":{\"@id\":\"https:\\\/\\\/krissaintange.com\\\/news\\\/#\\\/schema\\\/logo\\\/image\\\/\"},\"sameAs\":[\"https:\\\/\\\/www.facebook.com\\\/krissaintange\\\/\",\"https:\\\/\\\/x.com\\\/KrisSaintAnge\",\"https:\\\/\\\/www.instagram.com\\\/krissaintange\\\/\",\"https:\\\/\\\/www.linkedin.com\\\/in\\\/krissaintange\\\/\"]},{\"@type\":\"Person\",\"@id\":\"https:\\\/\\\/krissaintange.com\\\/news\\\/#\\\/schema\\\/person\\\/954f2d46b073ab6ee642d82051890b5e\",\"name\":\"KRIS SAINT ANGE\",\"pronouns\":\"elle\",\"image\":{\"@type\":\"ImageObject\",\"inLanguage\":\"fr-FR\",\"@id\":\"https:\\\/\\\/krissaintange.com\\\/news\\\/wp-content\\\/litespeed\\\/avatar\\\/4\\\/fbaf888568e0f9acb2bd88c54aefd249.jpg?ver=1776884513\",\"url\":\"https:\\\/\\\/krissaintange.com\\\/news\\\/wp-content\\\/litespeed\\\/avatar\\\/4\\\/fbaf888568e0f9acb2bd88c54aefd249.jpg?ver=1776884513\",\"contentUrl\":\"https:\\\/\\\/krissaintange.com\\\/news\\\/wp-content\\\/litespeed\\\/avatar\\\/4\\\/fbaf888568e0f9acb2bd88c54aefd249.jpg?ver=1776884513\",\"caption\":\"KRIS SAINT ANGE\"},\"description\":\"M\u00e9dium de naissance, Kris Saint Ange puise sa m\u00e9thodologie dans une dualit\u00e9 assum\u00e9e : la pens\u00e9e rationnelle et les outils du leadership contemporain, alli\u00e9s \u00e0 la capacit\u00e9 de lire les flux invisibles qui traversent les individus et les syst\u00e8mes. Depuis plus de 15 ans, elle accompagne dirigeants, diplomates, institutions et particuliers pour d\u00e9crypter les tensions, anticiper les crises et faire na\u00eetre des d\u00e9cisions align\u00e9es, tactiques et profond\u00e9ment humaines.\",\"sameAs\":[\"https:\\\/\\\/krissaintange.com\",\"https:\\\/\\\/www.facebook.com\\\/krissaintange\\\/\",\"https:\\\/\\\/www.instagram.com\\\/krissaintange\\\/\",\"https:\\\/\\\/www.linkedin.com\\\/in\\\/krissaintange\\\/\",\"https:\\\/\\\/fr.pinterest.com\\\/krissaintange\\\/\",\"https:\\\/\\\/x.com\\\/KrisSaintAnge\",\"https:\\\/\\\/www.youtube.com\\\/@KrisSaintAnge\"],\"url\":\"https:\\\/\\\/krissaintange.com\\\/news\\\/author\\\/krissaintange\\\/\"}]}<\/script>\n<!-- \/ Yoast SEO plugin. -->","yoast_head_json":{"title":"Un Honneur partag\u00e9 pour un Progr\u00e8s Universel","description":"C\u2019est \u00e0 l\u2019intersection des donn\u00e9es tangibles et intangibles que se forge l\u2019\u00e9thique universelle que notre si\u00e8cle appelle de ses v\u0153ux.","robots":{"index":"index","follow":"follow","max-snippet":"max-snippet:-1","max-image-preview":"max-image-preview:large","max-video-preview":"max-video-preview:-1"},"canonical":"https:\/\/krissaintange.com\/news\/un-honneur-partage-pour-un-progres-universel\/","og_locale":"fr_FR","og_type":"article","og_title":"Un Honneur partag\u00e9 pour un Progr\u00e8s Universel","og_description":"C\u2019est \u00e0 l\u2019intersection des donn\u00e9es tangibles et intangibles que se forge l\u2019\u00e9thique universelle que notre si\u00e8cle appelle de ses v\u0153ux.","og_url":"https:\/\/krissaintange.com\/news\/un-honneur-partage-pour-un-progres-universel\/","og_site_name":"Kris Saint Ange news","article_publisher":"https:\/\/www.facebook.com\/krissaintange\/","article_author":"https:\/\/www.facebook.com\/krissaintange\/","article_published_time":"2025-06-17T20:46:39+00:00","article_modified_time":"2026-02-17T00:13:52+00:00","og_image":[{"width":750,"height":1000,"url":"https:\/\/krissaintange.com\/news\/wp-content\/uploads\/sites\/4\/2025\/06\/ligue-universelle-du-bien-public-kristel-havard.jpg","type":"image\/jpeg"}],"author":"KRIS SAINT ANGE","twitter_card":"summary_large_image","twitter_creator":"@KrisSaintAnge","twitter_site":"@KrisSaintAnge","twitter_misc":{"\u00c9crit par":"KRIS SAINT ANGE","Dur\u00e9e de lecture estim\u00e9e":"2 minutes"},"schema":{"@context":"https:\/\/schema.org","@graph":[{"@type":"Article","@id":"https:\/\/krissaintange.com\/news\/un-honneur-partage-pour-un-progres-universel\/#article","isPartOf":{"@id":"https:\/\/krissaintange.com\/news\/un-honneur-partage-pour-un-progres-universel\/"},"author":{"name":"KRIS SAINT ANGE","@id":"https:\/\/krissaintange.com\/news\/#\/schema\/person\/954f2d46b073ab6ee642d82051890b5e"},"headline":"Un Honneur partag\u00e9 pour un Progr\u00e8s Universel","datePublished":"2025-06-17T20:46:39+00:00","dateModified":"2026-02-17T00:13:52+00:00","mainEntityOfPage":{"@id":"https:\/\/krissaintange.com\/news\/un-honneur-partage-pour-un-progres-universel\/"},"wordCount":390,"publisher":{"@id":"https:\/\/krissaintange.com\/news\/#organization"},"image":{"@id":"https:\/\/krissaintange.com\/news\/un-honneur-partage-pour-un-progres-universel\/#primaryimage"},"thumbnailUrl":"https:\/\/krissaintange.com\/news\/wp-content\/uploads\/sites\/4\/2025\/06\/ligue-universelle-du-bien-public-kristel-havard.jpg","keywords":["avenir"],"articleSection":["Vie des Affaires","Vie priv\u00e9e"],"inLanguage":"fr-FR"},{"@type":"WebPage","@id":"https:\/\/krissaintange.com\/news\/un-honneur-partage-pour-un-progres-universel\/","url":"https:\/\/krissaintange.com\/news\/un-honneur-partage-pour-un-progres-universel\/","name":"Un Honneur partag\u00e9 pour un Progr\u00e8s Universel","isPartOf":{"@id":"https:\/\/krissaintange.com\/news\/#website"},"primaryImageOfPage":{"@id":"https:\/\/krissaintange.com\/news\/un-honneur-partage-pour-un-progres-universel\/#primaryimage"},"image":{"@id":"https:\/\/krissaintange.com\/news\/un-honneur-partage-pour-un-progres-universel\/#primaryimage"},"thumbnailUrl":"https:\/\/krissaintange.com\/news\/wp-content\/uploads\/sites\/4\/2025\/06\/ligue-universelle-du-bien-public-kristel-havard.jpg","datePublished":"2025-06-17T20:46:39+00:00","dateModified":"2026-02-17T00:13:52+00:00","description":"C\u2019est \u00e0 l\u2019intersection des donn\u00e9es tangibles et intangibles que se forge l\u2019\u00e9thique universelle que notre si\u00e8cle appelle de ses v\u0153ux.","breadcrumb":{"@id":"https:\/\/krissaintange.com\/news\/un-honneur-partage-pour-un-progres-universel\/#breadcrumb"},"inLanguage":"fr-FR","potentialAction":[{"@type":"ReadAction","target":["https:\/\/krissaintange.com\/news\/un-honneur-partage-pour-un-progres-universel\/"]}]},{"@type":"ImageObject","inLanguage":"fr-FR","@id":"https:\/\/krissaintange.com\/news\/un-honneur-partage-pour-un-progres-universel\/#primaryimage","url":"https:\/\/krissaintange.com\/news\/wp-content\/uploads\/sites\/4\/2025\/06\/ligue-universelle-du-bien-public-kristel-havard.jpg","contentUrl":"https:\/\/krissaintange.com\/news\/wp-content\/uploads\/sites\/4\/2025\/06\/ligue-universelle-du-bien-public-kristel-havard.jpg","width":750,"height":1000,"caption":"Kris Saint Ange lors d'une c\u00e9r\u00e9monie officielle au Luxembourg"},{"@type":"BreadcrumbList","@id":"https:\/\/krissaintange.com\/news\/un-honneur-partage-pour-un-progres-universel\/#breadcrumb","itemListElement":[{"@type":"ListItem","position":1,"name":"Accueil","item":"https:\/\/krissaintange.com\/news\/"},{"@type":"ListItem","position":2,"name":"Un Honneur partag\u00e9 pour un Progr\u00e8s Universel"}]},{"@type":"WebSite","@id":"https:\/\/krissaintange.com\/news\/#website","url":"https:\/\/krissaintange.com\/news\/","name":"Kris Saint Ange news","description":"Pens\u00e9es Pr\u00e9cieuses pour un Avenir Lumineux.","publisher":{"@id":"https:\/\/krissaintange.com\/news\/#organization"},"potentialAction":[{"@type":"SearchAction","target":{"@type":"EntryPoint","urlTemplate":"https:\/\/krissaintange.com\/news\/?s={search_term_string}"},"query-input":{"@type":"PropertyValueSpecification","valueRequired":true,"valueName":"search_term_string"}}],"inLanguage":"fr-FR"},{"@type":"Organization","@id":"https:\/\/krissaintange.com\/news\/#organization","name":"Kris Saint Ange news","url":"https:\/\/krissaintange.com\/news\/","logo":{"@type":"ImageObject","inLanguage":"fr-FR","@id":"https:\/\/krissaintange.com\/news\/#\/schema\/logo\/image\/","url":"https:\/\/krissaintange.com\/news\/wp-content\/uploads\/sites\/4\/2024\/04\/logo-blanc-fond-noir-NEWS.png","contentUrl":"https:\/\/krissaintange.com\/news\/wp-content\/uploads\/sites\/4\/2024\/04\/logo-blanc-fond-noir-NEWS.png","width":500,"height":500,"caption":"Kris Saint Ange news"},"image":{"@id":"https:\/\/krissaintange.com\/news\/#\/schema\/logo\/image\/"},"sameAs":["https:\/\/www.facebook.com\/krissaintange\/","https:\/\/x.com\/KrisSaintAnge","https:\/\/www.instagram.com\/krissaintange\/","https:\/\/www.linkedin.com\/in\/krissaintange\/"]},{"@type":"Person","@id":"https:\/\/krissaintange.com\/news\/#\/schema\/person\/954f2d46b073ab6ee642d82051890b5e","name":"KRIS SAINT ANGE","pronouns":"elle","image":{"@type":"ImageObject","inLanguage":"fr-FR","@id":"https:\/\/krissaintange.com\/news\/wp-content\/litespeed\/avatar\/4\/fbaf888568e0f9acb2bd88c54aefd249.jpg?ver=1776884513","url":"https:\/\/krissaintange.com\/news\/wp-content\/litespeed\/avatar\/4\/fbaf888568e0f9acb2bd88c54aefd249.jpg?ver=1776884513","contentUrl":"https:\/\/krissaintange.com\/news\/wp-content\/litespeed\/avatar\/4\/fbaf888568e0f9acb2bd88c54aefd249.jpg?ver=1776884513","caption":"KRIS SAINT ANGE"},"description":"M\u00e9dium de naissance, Kris Saint Ange puise sa m\u00e9thodologie dans une dualit\u00e9 assum\u00e9e : la pens\u00e9e rationnelle et les outils du leadership contemporain, alli\u00e9s \u00e0 la capacit\u00e9 de lire les flux invisibles qui traversent les individus et les syst\u00e8mes. Depuis plus de 15 ans, elle accompagne dirigeants, diplomates, institutions et particuliers pour d\u00e9crypter les tensions, anticiper les crises et faire na\u00eetre des d\u00e9cisions align\u00e9es, tactiques et profond\u00e9ment humaines.","sameAs":["https:\/\/krissaintange.com","https:\/\/www.facebook.com\/krissaintange\/","https:\/\/www.instagram.com\/krissaintange\/","https:\/\/www.linkedin.com\/in\/krissaintange\/","https:\/\/fr.pinterest.com\/krissaintange\/","https:\/\/x.com\/KrisSaintAnge","https:\/\/www.youtube.com\/@KrisSaintAnge"],"url":"https:\/\/krissaintange.com\/news\/author\/krissaintange\/"}]}},"_links":{"self":[{"href":"https:\/\/krissaintange.com\/news\/wp-json\/wp\/v2\/posts\/3947","targetHints":{"allow":["GET"]}}],"collection":[{"href":"https:\/\/krissaintange.com\/news\/wp-json\/wp\/v2\/posts"}],"about":[{"href":"https:\/\/krissaintange.com\/news\/wp-json\/wp\/v2\/types\/post"}],"author":[{"embeddable":true,"href":"https:\/\/krissaintange.com\/news\/wp-json\/wp\/v2\/users\/2"}],"replies":[{"embeddable":true,"href":"https:\/\/krissaintange.com\/news\/wp-json\/wp\/v2\/comments?post=3947"}],"version-history":[{"count":1,"href":"https:\/\/krissaintange.com\/news\/wp-json\/wp\/v2\/posts\/3947\/revisions"}],"predecessor-version":[{"id":3968,"href":"https:\/\/krissaintange.com\/news\/wp-json\/wp\/v2\/posts\/3947\/revisions\/3968"}],"wp:featuredmedia":[{"embeddable":true,"href":"https:\/\/krissaintange.com\/news\/wp-json\/wp\/v2\/media\/3827"}],"wp:attachment":[{"href":"https:\/\/krissaintange.com\/news\/wp-json\/wp\/v2\/media?parent=3947"}],"wp:term":[{"taxonomy":"category","embeddable":true,"href":"https:\/\/krissaintange.com\/news\/wp-json\/wp\/v2\/categories?post=3947"},{"taxonomy":"post_tag","embeddable":true,"href":"https:\/\/krissaintange.com\/news\/wp-json\/wp\/v2\/tags?post=3947"}],"curies":[{"name":"wp","href":"https:\/\/api.w.org\/{rel}","templated":true}]}}